{"id":11116,"date":"2022-01-02T14:20:38","date_gmt":"2022-01-02T14:20:38","guid":{"rendered":"https:\/\/www.sistemaimpulsa.com\/blog\/?p=11116"},"modified":"2026-04-24T18:05:10","modified_gmt":"2026-04-24T18:05:10","slug":"vincular-cuenta-de-instagram-de-negocio-con-la-de-facebook","status":"publish","type":"post","link":"https:\/\/www.sistemaimpulsa.com\/blog\/vincular-cuenta-de-instagram-de-negocio-con-la-de-facebook\/","title":{"rendered":"C\u00f3mo vincular cuenta de Instagram de negocio con la de Facebook"},"content":{"rendered":"<p>Hoy en d\u00eda es muy com\u00fan <strong>vincular cuenta de Instagram de negocio<\/strong> con la de Facebook. Se debe a que estas dos redes sociales tienen gran presencia en cuanto a contenido publicitario y mucho m\u00e1s. Es por ello que vincular ambas cuentas va a permitir que tengas un mayor alcance en la publicidad del negocio.<\/p>\n<p>Dando como resultado; m\u00e1s clientes, mejor posicionamiento y reconocimiento de la marca. Adem\u00e1s, se simplifica el tiempo que requiere el uso de estas redes. Haciendo una sola publicaci\u00f3n autom\u00e1ticamente en ambas cuentas. A continuaci\u00f3n, te mostramos c\u00f3mo puedes vincularlas.<\/p>\n<h2><strong>Paso a paso para vincular cuenta de Instagram de negocio con Facebook<\/strong><\/h2>\n<p>El proceso de vinculaci\u00f3n no es para nada complicado; es muy sencillo y f\u00e1cil de realizar.<\/p>\n<ol>\n<li>Dir\u00edgete a la <strong>configuraci\u00f3n de la p\u00e1gina<\/strong> de <strong>Facebook<\/strong>, en el panel en la parte superior derecha lo encontrar\u00e1s.<\/li>\n<li>Al presionar en <strong>\u201cconfiguraci\u00f3n\u201d<\/strong> se va a desplegar ciertas opciones, entre ellas <strong>\u201cInstagram\u201d<\/strong>; esa opci\u00f3n es la que nos va a permitir conectar o vincular ambas cuentas profesionales.<\/li>\n<li>Luego de presionar la opci\u00f3n <strong>\u201cInstagram\u201d<\/strong> te va a solicitar todos <strong>los datos<\/strong> de tu <strong>cuenta de Instagram<\/strong>.<\/li>\n<li>Una vez haya rellenado completamente los datos de tu cuenta solo debes darle la opci\u00f3n <strong>\u201clisto\u201d<\/strong>.<\/li>\n<li>De esa manera ya habr\u00e1s <strong>conectado<\/strong> tu cuenta de <strong>Facebook <\/strong>con la de <strong>Instagram<\/strong>.<\/li>\n<\/ol>\n<p>Cuando se efect\u00faa el proceso de vinculaci\u00f3n, puedes responder mensajes y comentarios desde <strong>\u201cadministraci\u00f3n de p\u00e1ginas\u201d<\/strong>. Es de gran ayuda y facilita toda la gesti\u00f3n a fin de llevar un mejor orden y control de ambas cuentas.<\/p>\n<p><img loading=\"lazy\" decoding=\"async\" class=\" wp-image-11117 aligncenter\" src=\"https:\/\/www.sistemaimpulsa.com\/blog\/wp-content\/uploads\/2022\/01\/vincular-cuenta-de-Instagram-de-negocio-1.jpg\" alt=\"vincular cuenta de Instagram de negocio\" width=\"594\" height=\"445\" srcset=\"https:\/\/www.sistemaimpulsa.com\/blog\/wp-content\/uploads\/2022\/01\/vincular-cuenta-de-Instagram-de-negocio-1.jpg 800w, https:\/\/www.sistemaimpulsa.com\/blog\/wp-content\/uploads\/2022\/01\/vincular-cuenta-de-Instagram-de-negocio-1-300x225.jpg 300w, https:\/\/www.sistemaimpulsa.com\/blog\/wp-content\/uploads\/2022\/01\/vincular-cuenta-de-Instagram-de-negocio-1-768x576.jpg 768w, https:\/\/www.sistemaimpulsa.com\/blog\/wp-content\/uploads\/2022\/01\/vincular-cuenta-de-Instagram-de-negocio-1-80x60.jpg 80w, https:\/\/www.sistemaimpulsa.com\/blog\/wp-content\/uploads\/2022\/01\/vincular-cuenta-de-Instagram-de-negocio-1-265x198.jpg 265w, https:\/\/www.sistemaimpulsa.com\/blog\/wp-content\/uploads\/2022\/01\/vincular-cuenta-de-Instagram-de-negocio-1-696x522.jpg 696w, https:\/\/www.sistemaimpulsa.com\/blog\/wp-content\/uploads\/2022\/01\/vincular-cuenta-de-Instagram-de-negocio-1-560x420.jpg 560w\" sizes=\"auto, (max-width: 594px) 100vw, 594px\" \/><\/p>\n<p><strong><span style=\"color: #111111;font-family: Roboto, sans-serif;font-size: 27px\">Ventajas de vincular cuenta de Instagram de negocio con Facebook<\/span><\/strong><\/p>\n<p>Tiene m\u00faltiples ventajas, veamos algunas de ellas.<\/p>\n<ul>\n<li>Facebook maneja una <strong>base de datos mucho m\u00e1s amplia<\/strong> que Instagram, esto se debe al porcentaje de conectados y usuarios que utilizan la red social diariamente. Por lo que al vincular ambas cuentas podr\u00e1s tener un <strong>mayor alcance<\/strong> en cuanto a tus clientes potenciales y nuevas oportunidades de<a href=\"https:\/\/www.sistemaimpulsa.com\/blog\/como-monetizar-tu-cuenta-de-facebook-2\/\"> crecimiento en tu marca<\/a>.<\/li>\n<li><strong>La publicidad<\/strong> de Facebook es manejada de manera <strong>m\u00e1s organizada<\/strong>. Por lo tanto, da prioridad a aquellas publicaciones que cuenten con muchas m\u00e1s interacciones. Al relacionar los comentarios y like de Instagram con Facebook; es m\u00e1s probable que se reciba mayor n\u00famero de interacciones y mayor visibilidad.<\/li>\n<li>Todas las publicaciones que se realicen en formato de video o foto <strong>se comparten<\/strong> autom\u00e1ticamente <strong>en ambas cuentas<\/strong> al estar vinculadas entre s\u00ed. A tal magnitud, de aparecer los mismos emojis, hashtags y textos.<\/li>\n<li>Cada red social har\u00e1 su trabajo. Los<a href=\"https:\/\/www.sistemaimpulsa.com\/blog\/5-claves-para-ganar-seguidores-en-tu-facebook\/\"> seguidores<\/a> que tengas en una migrar\u00e1n a la otra tambi\u00e9n. Esto genera <strong>mayor cantidad de seguidores y comunidad<\/strong>.<\/li>\n<li><strong>Desde una sola p\u00e1gina podr\u00e1s administrar ambas cuentas<\/strong>, ahorrando mucho m\u00e1s tiempo que ser\u00e1 \u00fatil para otras actividades del negocio.<\/li>\n<\/ul>\n<p>En conclusi\u00f3n, el hecho de que se vinculen no quiere decir que tendr\u00e1s garant\u00eda de un \u00e9xito rotundo. Es importante que se desarrollen ideas de marketing y estrategias que sean \u00fatiles para las dos redes sociales.<\/p>\n<p>Ampl\u00eda tu comunidad, int\u00e9gralos de forma participativa a tu negocio. Valdr\u00e1 la pena todo el esfuerzo realizado.<strong> \u00a1S\u00famale a tu negocio y vincula ambas cuentas!<\/strong><\/p>\n","protected":false},"excerpt":{"rendered":"<p>Hoy en d\u00eda es muy com\u00fan vincular cuenta de Instagram de negocio con la de Facebook. Se debe a que estas dos redes sociales tienen gran presencia en cuanto a contenido publicitario y mucho m\u00e1s. Es por ello que vincular ambas cuentas va a permitir que tengas un mayor alcance en la publicidad del negocio. [&hellip;]<\/p>\n","protected":false},"author":6,"featured_media":11118,"comment_status":"closed","ping_status":"closed","sticky":false,"template":"","format":"standard","meta":{"footnotes":""},"categories":[17,2914],"tags":[23,22,221,1678,2037],"class_list":["post-11116","post","type-post","status-publish","format-standard","has-post-thumbnail","hentry","category-marketing-digital","category-funnel-tofu","tag-facebook","tag-instagram","tag-negocio","tag-pagina","tag-vincular-cuenta"],"yoast_head":"<!-- This site is optimized with the Yoast SEO plugin v27.4 - https:\/\/yoast.com\/product\/yoast-seo-wordpress\/ -->\n<title>C\u00f3mo vincular cuenta de Instagram de negocio con la de Facebook<\/title>\n<meta name=\"description\" content=\"Conoce c\u00f3mo vincular cuenta de Instagram de negocio con la de Facebook para que logres un mayor alcance en la publicidad de tu negocio.\" \/>\n<meta name=\"robots\" content=\"index, follow, max-snippet:-1, max-image-preview:large, max-video-preview:-1\" \/>\n<link rel=\"canonical\" href=\"https:\/\/www.sistemaimpulsa.com\/blog\/vincular-cuenta-de-instagram-de-negocio-con-la-de-facebook\/\" \/>\n<meta property=\"og:locale\" content=\"es_ES\" \/>\n<meta property=\"og:type\" content=\"article\" \/>\n<meta property=\"og:title\" content=\"C\u00f3mo vincular cuenta de Instagram de negocio con la de Facebook\" \/>\n<meta property=\"og:description\" content=\"Conoce c\u00f3mo vincular cuenta de Instagram de negocio con la de Facebook para que logres un mayor alcance en la publicidad de tu negocio.\" \/>\n<meta property=\"og:url\" content=\"https:\/\/www.sistemaimpulsa.com\/blog\/vincular-cuenta-de-instagram-de-negocio-con-la-de-facebook\/\" \/>\n<meta property=\"og:site_name\" content=\"Blog de Ventas y Digitalizaci\u00f3n - Impulsa\" \/>\n<meta property=\"article:published_time\" content=\"2022-01-02T14:20:38+00:00\" \/>\n<meta property=\"article:modified_time\" content=\"2026-04-24T18:05:10+00:00\" \/>\n<meta property=\"og:image\" content=\"https:\/\/www.sistemaimpulsa.com\/blog\/wp-content\/uploads\/2022\/01\/vincular-cuenta-de-Instagram-de-negocio.jpg\" \/>\n\t<meta property=\"og:image:width\" content=\"1280\" \/>\n\t<meta property=\"og:image:height\" content=\"960\" \/>\n\t<meta property=\"og:image:type\" content=\"image\/jpeg\" \/>\n<meta name=\"author\" content=\"Jesus P.\" \/>\n<meta name=\"twitter:card\" content=\"summary_large_image\" \/>\n<meta name=\"twitter:label1\" content=\"Escrito por\" \/>\n\t<meta name=\"twitter:data1\" content=\"Jesus P.\" \/>\n\t<meta name=\"twitter:label2\" content=\"Tiempo de lectura\" \/>\n\t<meta name=\"twitter:data2\" content=\"3 minutos\" \/>\n<script type=\"application\/ld+json\" class=\"yoast-schema-graph\">{\"@context\":\"https:\\\/\\\/schema.org\",\"@graph\":[{\"@type\":\"Article\",\"@id\":\"https:\\\/\\\/www.sistemaimpulsa.com\\\/blog\\\/vincular-cuenta-de-instagram-de-negocio-con-la-de-facebook\\\/#article\",\"isPartOf\":{\"@id\":\"https:\\\/\\\/www.sistemaimpulsa.com\\\/blog\\\/vincular-cuenta-de-instagram-de-negocio-con-la-de-facebook\\\/\"},\"author\":{\"name\":\"Jesus P.\",\"@id\":\"https:\\\/\\\/www.sistemaimpulsa.com\\\/blog\\\/#\\\/schema\\\/person\\\/9b776e2045dc9a9212dea4b32163f07d\"},\"headline\":\"C\u00f3mo vincular cuenta de Instagram de negocio con la de Facebook\",\"datePublished\":\"2022-01-02T14:20:38+00:00\",\"dateModified\":\"2026-04-24T18:05:10+00:00\",\"mainEntityOfPage\":{\"@id\":\"https:\\\/\\\/www.sistemaimpulsa.com\\\/blog\\\/vincular-cuenta-de-instagram-de-negocio-con-la-de-facebook\\\/\"},\"wordCount\":566,\"image\":{\"@id\":\"https:\\\/\\\/www.sistemaimpulsa.com\\\/blog\\\/vincular-cuenta-de-instagram-de-negocio-con-la-de-facebook\\\/#primaryimage\"},\"thumbnailUrl\":\"https:\\\/\\\/www.sistemaimpulsa.com\\\/blog\\\/wp-content\\\/uploads\\\/2022\\\/01\\\/vincular-cuenta-de-Instagram-de-negocio.jpg\",\"keywords\":[\"Facebook\",\"Instagram\",\"negocio\",\"p\u00e1gina\",\"vincular cuenta\"],\"articleSection\":[\"Marketing Digital\",\"TOFU\"],\"inLanguage\":\"es\"},{\"@type\":\"WebPage\",\"@id\":\"https:\\\/\\\/www.sistemaimpulsa.com\\\/blog\\\/vincular-cuenta-de-instagram-de-negocio-con-la-de-facebook\\\/\",\"url\":\"https:\\\/\\\/www.sistemaimpulsa.com\\\/blog\\\/vincular-cuenta-de-instagram-de-negocio-con-la-de-facebook\\\/\",\"name\":\"C\u00f3mo vincular cuenta de Instagram de negocio con la de Facebook\",\"isPartOf\":{\"@id\":\"https:\\\/\\\/www.sistemaimpulsa.com\\\/blog\\\/#website\"},\"primaryImageOfPage\":{\"@id\":\"https:\\\/\\\/www.sistemaimpulsa.com\\\/blog\\\/vincular-cuenta-de-instagram-de-negocio-con-la-de-facebook\\\/#primaryimage\"},\"image\":{\"@id\":\"https:\\\/\\\/www.sistemaimpulsa.com\\\/blog\\\/vincular-cuenta-de-instagram-de-negocio-con-la-de-facebook\\\/#primaryimage\"},\"thumbnailUrl\":\"https:\\\/\\\/www.sistemaimpulsa.com\\\/blog\\\/wp-content\\\/uploads\\\/2022\\\/01\\\/vincular-cuenta-de-Instagram-de-negocio.jpg\",\"datePublished\":\"2022-01-02T14:20:38+00:00\",\"dateModified\":\"2026-04-24T18:05:10+00:00\",\"author\":{\"@id\":\"https:\\\/\\\/www.sistemaimpulsa.com\\\/blog\\\/#\\\/schema\\\/person\\\/9b776e2045dc9a9212dea4b32163f07d\"},\"description\":\"Conoce c\u00f3mo vincular cuenta de Instagram de negocio con la de Facebook para que logres un mayor alcance en la publicidad de tu negocio.\",\"breadcrumb\":{\"@id\":\"https:\\\/\\\/www.sistemaimpulsa.com\\\/blog\\\/vincular-cuenta-de-instagram-de-negocio-con-la-de-facebook\\\/#breadcrumb\"},\"inLanguage\":\"es\",\"potentialAction\":[{\"@type\":\"ReadAction\",\"target\":[\"https:\\\/\\\/www.sistemaimpulsa.com\\\/blog\\\/vincular-cuenta-de-instagram-de-negocio-con-la-de-facebook\\\/\"]}]},{\"@type\":\"ImageObject\",\"inLanguage\":\"es\",\"@id\":\"https:\\\/\\\/www.sistemaimpulsa.com\\\/blog\\\/vincular-cuenta-de-instagram-de-negocio-con-la-de-facebook\\\/#primaryimage\",\"url\":\"https:\\\/\\\/www.sistemaimpulsa.com\\\/blog\\\/wp-content\\\/uploads\\\/2022\\\/01\\\/vincular-cuenta-de-Instagram-de-negocio.jpg\",\"contentUrl\":\"https:\\\/\\\/www.sistemaimpulsa.com\\\/blog\\\/wp-content\\\/uploads\\\/2022\\\/01\\\/vincular-cuenta-de-Instagram-de-negocio.jpg\",\"width\":1280,\"height\":960,\"caption\":\"vincular cuenta de Instagram de negocio\"},{\"@type\":\"BreadcrumbList\",\"@id\":\"https:\\\/\\\/www.sistemaimpulsa.com\\\/blog\\\/vincular-cuenta-de-instagram-de-negocio-con-la-de-facebook\\\/#breadcrumb\",\"itemListElement\":[{\"@type\":\"ListItem\",\"position\":1,\"name\":\"Portada\",\"item\":\"https:\\\/\\\/www.sistemaimpulsa.com\\\/blog\\\/\"},{\"@type\":\"ListItem\",\"position\":2,\"name\":\"C\u00f3mo vincular cuenta de Instagram de negocio con la de Facebook\"}]},{\"@type\":\"WebSite\",\"@id\":\"https:\\\/\\\/www.sistemaimpulsa.com\\\/blog\\\/#website\",\"url\":\"https:\\\/\\\/www.sistemaimpulsa.com\\\/blog\\\/\",\"name\":\"Blog de Ventas y Digitalizaci\u00f3n - Impulsa\",\"description\":\"Blog dedicado a ayudar a emprendedores, pymes y empresas sobre ventas y digitalizaci\u00f3n, explicando en simple los contenidos complejos.\",\"potentialAction\":[{\"@type\":\"SearchAction\",\"target\":{\"@type\":\"EntryPoint\",\"urlTemplate\":\"https:\\\/\\\/www.sistemaimpulsa.com\\\/blog\\\/?s={search_term_string}\"},\"query-input\":{\"@type\":\"PropertyValueSpecification\",\"valueRequired\":true,\"valueName\":\"search_term_string\"}}],\"inLanguage\":\"es\"},{\"@type\":\"Person\",\"@id\":\"https:\\\/\\\/www.sistemaimpulsa.com\\\/blog\\\/#\\\/schema\\\/person\\\/9b776e2045dc9a9212dea4b32163f07d\",\"name\":\"Jesus P.\",\"image\":{\"@type\":\"ImageObject\",\"inLanguage\":\"es\",\"@id\":\"https:\\\/\\\/secure.gravatar.com\\\/avatar\\\/39142e6ba7f19ca961abe851a818b268a41e284a62ca332a054cb338164ff61f?s=96&d=mm&r=g\",\"url\":\"https:\\\/\\\/secure.gravatar.com\\\/avatar\\\/39142e6ba7f19ca961abe851a818b268a41e284a62ca332a054cb338164ff61f?s=96&d=mm&r=g\",\"contentUrl\":\"https:\\\/\\\/secure.gravatar.com\\\/avatar\\\/39142e6ba7f19ca961abe851a818b268a41e284a62ca332a054cb338164ff61f?s=96&d=mm&r=g\",\"caption\":\"Jesus P.\"},\"url\":\"https:\\\/\\\/www.sistemaimpulsa.com\\\/blog\\\/author\\\/comoemprender-netgmail-com\\\/\"}]}<\/script>\n<!-- \/ Yoast SEO plugin. -->","yoast_head_json":{"title":"C\u00f3mo vincular cuenta de Instagram de negocio con la de Facebook","description":"Conoce c\u00f3mo vincular cuenta de Instagram de negocio con la de Facebook para que logres un mayor alcance en la publicidad de tu negocio.","robots":{"index":"index","follow":"follow","max-snippet":"max-snippet:-1","max-image-preview":"max-image-preview:large","max-video-preview":"max-video-preview:-1"},"canonical":"https:\/\/www.sistemaimpulsa.com\/blog\/vincular-cuenta-de-instagram-de-negocio-con-la-de-facebook\/","og_locale":"es_ES","og_type":"article","og_title":"C\u00f3mo vincular cuenta de Instagram de negocio con la de Facebook","og_description":"Conoce c\u00f3mo vincular cuenta de Instagram de negocio con la de Facebook para que logres un mayor alcance en la publicidad de tu negocio.","og_url":"https:\/\/www.sistemaimpulsa.com\/blog\/vincular-cuenta-de-instagram-de-negocio-con-la-de-facebook\/","og_site_name":"Blog de Ventas y Digitalizaci\u00f3n - Impulsa","article_published_time":"2022-01-02T14:20:38+00:00","article_modified_time":"2026-04-24T18:05:10+00:00","og_image":[{"width":1280,"height":960,"url":"https:\/\/www.sistemaimpulsa.com\/blog\/wp-content\/uploads\/2022\/01\/vincular-cuenta-de-Instagram-de-negocio.jpg","type":"image\/jpeg"}],"author":"Jesus P.","twitter_card":"summary_large_image","twitter_misc":{"Escrito por":"Jesus P.","Tiempo de lectura":"3 minutos"},"schema":{"@context":"https:\/\/schema.org","@graph":[{"@type":"Article","@id":"https:\/\/www.sistemaimpulsa.com\/blog\/vincular-cuenta-de-instagram-de-negocio-con-la-de-facebook\/#article","isPartOf":{"@id":"https:\/\/www.sistemaimpulsa.com\/blog\/vincular-cuenta-de-instagram-de-negocio-con-la-de-facebook\/"},"author":{"name":"Jesus P.","@id":"https:\/\/www.sistemaimpulsa.com\/blog\/#\/schema\/person\/9b776e2045dc9a9212dea4b32163f07d"},"headline":"C\u00f3mo vincular cuenta de Instagram de negocio con la de Facebook","datePublished":"2022-01-02T14:20:38+00:00","dateModified":"2026-04-24T18:05:10+00:00","mainEntityOfPage":{"@id":"https:\/\/www.sistemaimpulsa.com\/blog\/vincular-cuenta-de-instagram-de-negocio-con-la-de-facebook\/"},"wordCount":566,"image":{"@id":"https:\/\/www.sistemaimpulsa.com\/blog\/vincular-cuenta-de-instagram-de-negocio-con-la-de-facebook\/#primaryimage"},"thumbnailUrl":"https:\/\/www.sistemaimpulsa.com\/blog\/wp-content\/uploads\/2022\/01\/vincular-cuenta-de-Instagram-de-negocio.jpg","keywords":["Facebook","Instagram","negocio","p\u00e1gina","vincular cuenta"],"articleSection":["Marketing Digital","TOFU"],"inLanguage":"es"},{"@type":"WebPage","@id":"https:\/\/www.sistemaimpulsa.com\/blog\/vincular-cuenta-de-instagram-de-negocio-con-la-de-facebook\/","url":"https:\/\/www.sistemaimpulsa.com\/blog\/vincular-cuenta-de-instagram-de-negocio-con-la-de-facebook\/","name":"C\u00f3mo vincular cuenta de Instagram de negocio con la de Facebook","isPartOf":{"@id":"https:\/\/www.sistemaimpulsa.com\/blog\/#website"},"primaryImageOfPage":{"@id":"https:\/\/www.sistemaimpulsa.com\/blog\/vincular-cuenta-de-instagram-de-negocio-con-la-de-facebook\/#primaryimage"},"image":{"@id":"https:\/\/www.sistemaimpulsa.com\/blog\/vincular-cuenta-de-instagram-de-negocio-con-la-de-facebook\/#primaryimage"},"thumbnailUrl":"https:\/\/www.sistemaimpulsa.com\/blog\/wp-content\/uploads\/2022\/01\/vincular-cuenta-de-Instagram-de-negocio.jpg","datePublished":"2022-01-02T14:20:38+00:00","dateModified":"2026-04-24T18:05:10+00:00","author":{"@id":"https:\/\/www.sistemaimpulsa.com\/blog\/#\/schema\/person\/9b776e2045dc9a9212dea4b32163f07d"},"description":"Conoce c\u00f3mo vincular cuenta de Instagram de negocio con la de Facebook para que logres un mayor alcance en la publicidad de tu negocio.","breadcrumb":{"@id":"https:\/\/www.sistemaimpulsa.com\/blog\/vincular-cuenta-de-instagram-de-negocio-con-la-de-facebook\/#breadcrumb"},"inLanguage":"es","potentialAction":[{"@type":"ReadAction","target":["https:\/\/www.sistemaimpulsa.com\/blog\/vincular-cuenta-de-instagram-de-negocio-con-la-de-facebook\/"]}]},{"@type":"ImageObject","inLanguage":"es","@id":"https:\/\/www.sistemaimpulsa.com\/blog\/vincular-cuenta-de-instagram-de-negocio-con-la-de-facebook\/#primaryimage","url":"https:\/\/www.sistemaimpulsa.com\/blog\/wp-content\/uploads\/2022\/01\/vincular-cuenta-de-Instagram-de-negocio.jpg","contentUrl":"https:\/\/www.sistemaimpulsa.com\/blog\/wp-content\/uploads\/2022\/01\/vincular-cuenta-de-Instagram-de-negocio.jpg","width":1280,"height":960,"caption":"vincular cuenta de Instagram de negocio"},{"@type":"BreadcrumbList","@id":"https:\/\/www.sistemaimpulsa.com\/blog\/vincular-cuenta-de-instagram-de-negocio-con-la-de-facebook\/#breadcrumb","itemListElement":[{"@type":"ListItem","position":1,"name":"Portada","item":"https:\/\/www.sistemaimpulsa.com\/blog\/"},{"@type":"ListItem","position":2,"name":"C\u00f3mo vincular cuenta de Instagram de negocio con la de Facebook"}]},{"@type":"WebSite","@id":"https:\/\/www.sistemaimpulsa.com\/blog\/#website","url":"https:\/\/www.sistemaimpulsa.com\/blog\/","name":"Blog de Ventas y Digitalizaci\u00f3n - Impulsa","description":"Blog dedicado a ayudar a emprendedores, pymes y empresas sobre ventas y digitalizaci\u00f3n, explicando en simple los contenidos complejos.","potentialAction":[{"@type":"SearchAction","target":{"@type":"EntryPoint","urlTemplate":"https:\/\/www.sistemaimpulsa.com\/blog\/?s={search_term_string}"},"query-input":{"@type":"PropertyValueSpecification","valueRequired":true,"valueName":"search_term_string"}}],"inLanguage":"es"},{"@type":"Person","@id":"https:\/\/www.sistemaimpulsa.com\/blog\/#\/schema\/person\/9b776e2045dc9a9212dea4b32163f07d","name":"Jesus P.","image":{"@type":"ImageObject","inLanguage":"es","@id":"https:\/\/secure.gravatar.com\/avatar\/39142e6ba7f19ca961abe851a818b268a41e284a62ca332a054cb338164ff61f?s=96&d=mm&r=g","url":"https:\/\/secure.gravatar.com\/avatar\/39142e6ba7f19ca961abe851a818b268a41e284a62ca332a054cb338164ff61f?s=96&d=mm&r=g","contentUrl":"https:\/\/secure.gravatar.com\/avatar\/39142e6ba7f19ca961abe851a818b268a41e284a62ca332a054cb338164ff61f?s=96&d=mm&r=g","caption":"Jesus P."},"url":"https:\/\/www.sistemaimpulsa.com\/blog\/author\/comoemprender-netgmail-com\/"}]}},"_links":{"self":[{"href":"https:\/\/www.sistemaimpulsa.com\/blog\/wp-json\/wp\/v2\/posts\/11116","targetHints":{"allow":["GET"]}}],"collection":[{"href":"https:\/\/www.sistemaimpulsa.com\/blog\/wp-json\/wp\/v2\/posts"}],"about":[{"href":"https:\/\/www.sistemaimpulsa.com\/blog\/wp-json\/wp\/v2\/types\/post"}],"author":[{"embeddable":true,"href":"https:\/\/www.sistemaimpulsa.com\/blog\/wp-json\/wp\/v2\/users\/6"}],"replies":[{"embeddable":true,"href":"https:\/\/www.sistemaimpulsa.com\/blog\/wp-json\/wp\/v2\/comments?post=11116"}],"version-history":[{"count":2,"href":"https:\/\/www.sistemaimpulsa.com\/blog\/wp-json\/wp\/v2\/posts\/11116\/revisions"}],"predecessor-version":[{"id":11120,"href":"https:\/\/www.sistemaimpulsa.com\/blog\/wp-json\/wp\/v2\/posts\/11116\/revisions\/11120"}],"wp:featuredmedia":[{"embeddable":true,"href":"https:\/\/www.sistemaimpulsa.com\/blog\/wp-json\/wp\/v2\/media\/11118"}],"wp:attachment":[{"href":"https:\/\/www.sistemaimpulsa.com\/blog\/wp-json\/wp\/v2\/media?parent=11116"}],"wp:term":[{"taxonomy":"category","embeddable":true,"href":"https:\/\/www.sistemaimpulsa.com\/blog\/wp-json\/wp\/v2\/categories?post=11116"},{"taxonomy":"post_tag","embeddable":true,"href":"https:\/\/www.sistemaimpulsa.com\/blog\/wp-json\/wp\/v2\/tags?post=11116"}],"curies":[{"name":"wp","href":"https:\/\/api.w.org\/{rel}","templated":true}]}}