{"id":1239,"date":"2018-12-13T12:20:06","date_gmt":"2018-12-13T12:20:06","guid":{"rendered":"https:\/\/www.sistemaimpulsa.com\/blog\/?p=1239"},"modified":"2026-04-24T18:35:54","modified_gmt":"2026-04-24T18:35:54","slug":"relacion-entre-las-ventas-y-la-administracion-empresarial","status":"publish","type":"post","link":"https:\/\/www.sistemaimpulsa.com\/blog\/relacion-entre-las-ventas-y-la-administracion-empresarial\/","title":{"rendered":"Relaci\u00f3n entre las ventas y la administraci\u00f3n empresarial"},"content":{"rendered":"<p>Actualmente existen millones de empresas en el mundo que constantemente realizan numerosos <strong>cambios de bienes y servicios<\/strong>. Donde todos en alg\u00fan momento de nuestras vidas hemos sido parte de ellos. Es por esto la importancia de saber d\u00f3nde y <strong>c\u00f3mo se deben generar las ventas<\/strong>. De esta forma se puede buscar la relaci\u00f3n e importancia existente entre las ventas y la administraci\u00f3n de una empresa.<\/p>\n<p><strong>Las ventas han estado presentes a lo largo de la historia humana<\/strong>. Pero no siempre se han demostrado de una manera expl\u00edcita pero desde los tiempos remotos se han logrado plasmar de diferentes maneras. Durante la prehistoria, el ser humano solo intentaba subsistir. Donde la recolecci\u00f3n, la pesca y la cacer\u00eda era su principal fuente de alimentos.<\/p>\n<blockquote><p><strong>Hacer negocios es como montar una bicicleta. Te tienes que mantener en movimiento para no caer. (Frank Lloyd Wright)<\/strong><\/p><\/blockquote>\n<p>Posteriormente, cuando comenz\u00f3 a extenderse al raza humana todo esto comenz\u00f3 a cambiar. Donde se fueron formando diversos conglomerados sociales. <strong>Esto dio la iniciativa para que se comenzar\u00e1 a desarrollar diferentes actividades econ\u00f3micas<\/strong>, lo que llev\u00f3 a generar una excelente producci\u00f3n.<\/p>\n<p>Todo esto ha servido para darnos cuenta de que <strong>las ventas siempre ha sido un ambiente muy competitivo. <\/strong>Las empresas a diario necesitan generar ventas para poder mejorar su posici\u00f3n en el mercado. Adem\u00e1s, se puede decir que las ventas son el motor o el coraz\u00f3n de las empresas. <strong>El objetivo fundamental de todo negocio es poder conocer las verdaderas necesidades del mercado<\/strong>. Sus procesos de compra y personas o empresas.<\/p>\n<h2>Departamento de ventas<\/h2>\n<p><img loading=\"lazy\" decoding=\"async\" class=\"aligncenter wp-image-1241\" src=\"https:\/\/www.sistemaimpulsa.com\/blog\/wp-content\/uploads\/2018\/12\/shutterstock_120595222-1040x585-1-1024x576-1-300x169.jpg\" alt=\" ventas\" width=\"500\" height=\"281\" srcset=\"https:\/\/www.sistemaimpulsa.com\/blog\/wp-content\/uploads\/2018\/12\/shutterstock_120595222-1040x585-1-1024x576-1-300x169.jpg 300w, https:\/\/www.sistemaimpulsa.com\/blog\/wp-content\/uploads\/2018\/12\/shutterstock_120595222-1040x585-1-1024x576-1-768x432.jpg 768w, https:\/\/www.sistemaimpulsa.com\/blog\/wp-content\/uploads\/2018\/12\/shutterstock_120595222-1040x585-1-1024x576-1.jpg 1024w, https:\/\/www.sistemaimpulsa.com\/blog\/wp-content\/uploads\/2018\/12\/shutterstock_120595222-1040x585-1-1024x576-1-696x392.jpg 696w, https:\/\/www.sistemaimpulsa.com\/blog\/wp-content\/uploads\/2018\/12\/shutterstock_120595222-1040x585-1-1024x576-1-747x420.jpg 747w\" sizes=\"auto, (max-width: 500px) 100vw, 500px\" \/><\/p>\n<p>En toda instituci\u00f3n empresarial, <strong>el departamento de ventas <\/strong>es aquel que <strong>genera los ingresos. <\/strong>No importa que tan bueno sea el departamento de producci\u00f3n, que tanta tecnolog\u00eda se tenga que grado de tensi\u00f3n tengan las metas financieras o cuan progresistas y con visi\u00f3n de futuro sean. En ello debe existir un mecanismo de venta en el lugar o todo lo dem\u00e1s no tendr\u00e1 ning\u00fan tipo de importancia. <strong>Esto se debe a que para pagar una n\u00f3mina, proveedores y gastos y servicios<\/strong> para que la empresa se mantenga en pie trabajando, se requiere de un ingreso monetario. Ninguna empresa en el mundo podr\u00e1 sobrevivir sin las ventas.<\/p>\n<h2>El marketing empresarial<\/h2>\n<p><img loading=\"lazy\" decoding=\"async\" class=\"aligncenter wp-image-1242\" src=\"https:\/\/www.sistemaimpulsa.com\/blog\/wp-content\/uploads\/2018\/12\/marketingdigital_-300x200.jpg\" alt=\" ventas\" width=\"500\" height=\"334\" srcset=\"https:\/\/www.sistemaimpulsa.com\/blog\/wp-content\/uploads\/2018\/12\/marketingdigital_-300x200.jpg 300w, https:\/\/www.sistemaimpulsa.com\/blog\/wp-content\/uploads\/2018\/12\/marketingdigital_-768x512.jpg 768w, https:\/\/www.sistemaimpulsa.com\/blog\/wp-content\/uploads\/2018\/12\/marketingdigital_-696x464.jpg 696w, https:\/\/www.sistemaimpulsa.com\/blog\/wp-content\/uploads\/2018\/12\/marketingdigital_-630x420.jpg 630w, https:\/\/www.sistemaimpulsa.com\/blog\/wp-content\/uploads\/2018\/12\/marketingdigital_.jpg 835w\" sizes=\"auto, (max-width: 500px) 100vw, 500px\" \/><\/p>\n<p>Como todos sabemos a pesar que una empresa tenga diferentes actividades y responsabilidades. Es importante que siempre tenga un fin principal, y este debe ser el de generar ingresos. <strong>Para esto hay que\u00a0 tomar en cuenta el marketing<\/strong>, la cual es considerada como una herramienta importante para lograr el objetivo. <strong>La idea de aplicar el marketing es aumentar las ventas <\/strong>y posiblemente las actividades m\u00e1s importante del negocio.<\/p>\n<p>Gracias a las actividades producidas por<strong> el marketing se logra el reconocimiento y las ventas pueden alcanzar un nivel de rentabilidad.<\/strong><\/p>\n<p>Debes tomar en cuenta que si estas aplicando <strong>una buena estrategia de marketing tu negocio te brindara beneficios.<\/strong> Pero, si es todo lo contrario podr\u00eda verse gravemente afectado. Para poder entender un poco mejor lo que es el marketing te presentamos cual es el proceso de esta estrategia.<\/p>\n<h2>Procesos del marketing<\/h2>\n<p><img loading=\"lazy\" decoding=\"async\" class=\"aligncenter wp-image-1243\" src=\"https:\/\/www.sistemaimpulsa.com\/blog\/wp-content\/uploads\/2018\/12\/bigstock-Digital-Marketing-New-Startup-190890487-300x169.jpg\" alt=\" ventas\" width=\"500\" height=\"281\" srcset=\"https:\/\/www.sistemaimpulsa.com\/blog\/wp-content\/uploads\/2018\/12\/bigstock-Digital-Marketing-New-Startup-190890487-300x169.jpg 300w, https:\/\/www.sistemaimpulsa.com\/blog\/wp-content\/uploads\/2018\/12\/bigstock-Digital-Marketing-New-Startup-190890487-768x432.jpg 768w, https:\/\/www.sistemaimpulsa.com\/blog\/wp-content\/uploads\/2018\/12\/bigstock-Digital-Marketing-New-Startup-190890487-696x391.jpg 696w, https:\/\/www.sistemaimpulsa.com\/blog\/wp-content\/uploads\/2018\/12\/bigstock-Digital-Marketing-New-Startup-190890487-747x420.jpg 747w, https:\/\/www.sistemaimpulsa.com\/blog\/wp-content\/uploads\/2018\/12\/bigstock-Digital-Marketing-New-Startup-190890487.jpg 900w\" sizes=\"auto, (max-width: 500px) 100vw, 500px\" \/><\/p>\n<p>Este proceso est\u00e1 conformado por cinco pasos claves que son <strong>los siguientes:<\/strong><\/p>\n<ul>\n<li><strong>Entender al mercado y las necesidades<\/strong> y deseos de los clientes.<\/li>\n<li>Dise\u00f1ar una <strong>estrategia de marketing<\/strong> impulsada por el cliente.<\/li>\n<li>Elaborar un <strong>programa de marketing<\/strong> que entregue valor superior.<\/li>\n<li><strong>Crear relaciones redituables<\/strong> y deleite para los clientes.<\/li>\n<li>Captar el valor de <strong>los clientes para crear utilidades<\/strong> y calidad para el cliente.\u201d<\/li>\n<\/ul>\n<p>De acuerdo a esto se puede observar que <strong>los primeros cuatros pasos habla sobre entender a los consumidores<\/strong>. Es decir, que las empresas deben tomar en cuenta las necesidades de sus clientes. Al mismo tiempo se debe crear un valor para el cliente con <strong>el objetivo de lograr ser identificado r\u00e1pidamente<\/strong>. Esto har\u00e1 que la empresa se convierta en la primera opci\u00f3n para ellos.<\/p>\n<h2>Relaci\u00f3n entre las ventas y la administraci\u00f3n<\/h2>\n<p><img loading=\"lazy\" decoding=\"async\" class=\"aligncenter wp-image-1244\" src=\"https:\/\/www.sistemaimpulsa.com\/blog\/wp-content\/uploads\/2018\/12\/recortar-gastos-empresa-810x454-300x168.jpg\" alt=\" ventas\" width=\"500\" height=\"280\" srcset=\"https:\/\/www.sistemaimpulsa.com\/blog\/wp-content\/uploads\/2018\/12\/recortar-gastos-empresa-810x454-300x168.jpg 300w, https:\/\/www.sistemaimpulsa.com\/blog\/wp-content\/uploads\/2018\/12\/recortar-gastos-empresa-810x454-768x430.jpg 768w, https:\/\/www.sistemaimpulsa.com\/blog\/wp-content\/uploads\/2018\/12\/recortar-gastos-empresa-810x454-696x390.jpg 696w, https:\/\/www.sistemaimpulsa.com\/blog\/wp-content\/uploads\/2018\/12\/recortar-gastos-empresa-810x454-749x420.jpg 749w, https:\/\/www.sistemaimpulsa.com\/blog\/wp-content\/uploads\/2018\/12\/recortar-gastos-empresa-810x454.jpg 810w\" sizes=\"auto, (max-width: 500px) 100vw, 500px\" \/><\/p>\n<p>Podemos definir la administraci\u00f3n como la direcci\u00f3n de todos los esfuerzo de un grupo de trabajo. Esto con el fin de poder cumplir un objetivo en particular, involucrando varios elementos. Como seria <strong>la planeaci\u00f3n, direcci\u00f3n, control y organizaci\u00f3n<\/strong>. \u00a0Todos estos elementos se aplican de igual forma en el \u00e1rea de las ventas.<\/p>\n<p><strong>La administraci\u00f3n en las ventas <\/strong>busca facilitar la comercializaci\u00f3n. Para esto debe mantener al d\u00eda a <strong>los clientes satisfechos, operaciones y proveedores. <\/strong><\/p>\n<p><strong>La administraci\u00f3n en las ventas <\/strong>es considerada como la direcci\u00f3n. Muchas personas aseguran que esto solo se trata de dar \u00f3rdenes y supervisar que los vendedores hagan su trabajo. Pero, <strong>lo que realmente se est\u00e1 haciendo es vender<\/strong>. Se puede decir que tanto la administraci\u00f3n como las ventas van de la mano. Ambas depende una de la otra, una administraci\u00f3n tendr\u00e1 \u00e9xito si las ventas progresan y aumentan significativamente. Pero, qu\u00e9 pasa con las ventas cuando existe una mala administraci\u00f3n, simplemente decaen, al no existir un manejo adecuado las ventas se caen.<\/p>\n<p>Es aqu\u00ed la importancia de conocer la relaci\u00f3n entre ambos conceptos. <strong>Todo buen negocio o empresa tiene que manejar muy bien estas dos \u00e1reas<\/strong>. Ya que son dos puntos importantes para el manejo de una empresa.<\/p>\n","protected":false},"excerpt":{"rendered":"<p>Actualmente existen millones de empresas en el mundo que constantemente realizan numerosos cambios de bienes y servicios. Donde todos en alg\u00fan momento de nuestras vidas hemos sido parte de ellos. Es por esto la importancia de saber d\u00f3nde y c\u00f3mo se deben generar las ventas. De esta forma se puede buscar la relaci\u00f3n e importancia [&hellip;]<\/p>\n","protected":false},"author":5,"featured_media":1240,"comment_status":"closed","ping_status":"open","sticky":false,"template":"","format":"standard","meta":{"footnotes":""},"categories":[17,2914],"tags":[],"class_list":["post-1239","post","type-post","status-publish","format-standard","has-post-thumbnail","hentry","category-marketing-digital","category-funnel-tofu"],"yoast_head":"<!-- This site is optimized with the Yoast SEO plugin v27.4 - https:\/\/yoast.com\/product\/yoast-seo-wordpress\/ -->\n<title>Relaci\u00f3n entre las ventas y la administraci\u00f3n empresarial - Impulsa blog<\/title>\n<meta name=\"description\" content=\"Donde todos en alg\u00fan momento de nuestras vidas hemos sido parte de ellos. Es por esto la importancia de saber d\u00f3nde y c\u00f3mo se deben generar las ventas\" \/>\n<meta name=\"robots\" content=\"index, follow, max-snippet:-1, max-image-preview:large, max-video-preview:-1\" \/>\n<link rel=\"canonical\" href=\"https:\/\/www.sistemaimpulsa.com\/blog\/relacion-entre-las-ventas-y-la-administracion-empresarial\/\" \/>\n<meta property=\"og:locale\" content=\"es_ES\" \/>\n<meta property=\"og:type\" content=\"article\" \/>\n<meta property=\"og:title\" content=\"Relaci\u00f3n entre las ventas y la administraci\u00f3n empresarial - Impulsa blog\" \/>\n<meta property=\"og:description\" content=\"Donde todos en alg\u00fan momento de nuestras vidas hemos sido parte de ellos. Es por esto la importancia de saber d\u00f3nde y c\u00f3mo se deben generar las ventas\" \/>\n<meta property=\"og:url\" content=\"https:\/\/www.sistemaimpulsa.com\/blog\/relacion-entre-las-ventas-y-la-administracion-empresarial\/\" \/>\n<meta property=\"og:site_name\" content=\"Blog de Ventas y Digitalizaci\u00f3n - Impulsa\" \/>\n<meta property=\"article:published_time\" content=\"2018-12-13T12:20:06+00:00\" \/>\n<meta property=\"article:modified_time\" content=\"2026-04-24T18:35:54+00:00\" \/>\n<meta property=\"og:image\" content=\"https:\/\/www.sistemaimpulsa.com\/blog\/wp-content\/uploads\/2018\/12\/marketing-contenidos-empresa-rrhh-incrementa-ventas-1-600x400.jpg\" \/>\n\t<meta property=\"og:image:width\" content=\"600\" \/>\n\t<meta property=\"og:image:height\" content=\"400\" \/>\n\t<meta property=\"og:image:type\" content=\"image\/jpeg\" \/>\n<meta name=\"author\" content=\"German\" \/>\n<meta name=\"twitter:card\" content=\"summary_large_image\" \/>\n<meta name=\"twitter:label1\" content=\"Escrito por\" \/>\n\t<meta name=\"twitter:data1\" content=\"German\" \/>\n\t<meta name=\"twitter:label2\" content=\"Tiempo de lectura\" \/>\n\t<meta name=\"twitter:data2\" content=\"4 minutos\" \/>\n<script type=\"application\/ld+json\" class=\"yoast-schema-graph\">{\"@context\":\"https:\\\/\\\/schema.org\",\"@graph\":[{\"@type\":\"Article\",\"@id\":\"https:\\\/\\\/www.sistemaimpulsa.com\\\/blog\\\/relacion-entre-las-ventas-y-la-administracion-empresarial\\\/#article\",\"isPartOf\":{\"@id\":\"https:\\\/\\\/www.sistemaimpulsa.com\\\/blog\\\/relacion-entre-las-ventas-y-la-administracion-empresarial\\\/\"},\"author\":{\"name\":\"German\",\"@id\":\"https:\\\/\\\/www.sistemaimpulsa.com\\\/blog\\\/#\\\/schema\\\/person\\\/77061eb0328c10b0791fc8e9b3026246\"},\"headline\":\"Relaci\u00f3n entre las ventas y la administraci\u00f3n empresarial\",\"datePublished\":\"2018-12-13T12:20:06+00:00\",\"dateModified\":\"2026-04-24T18:35:54+00:00\",\"mainEntityOfPage\":{\"@id\":\"https:\\\/\\\/www.sistemaimpulsa.com\\\/blog\\\/relacion-entre-las-ventas-y-la-administracion-empresarial\\\/\"},\"wordCount\":893,\"image\":{\"@id\":\"https:\\\/\\\/www.sistemaimpulsa.com\\\/blog\\\/relacion-entre-las-ventas-y-la-administracion-empresarial\\\/#primaryimage\"},\"thumbnailUrl\":\"https:\\\/\\\/www.sistemaimpulsa.com\\\/blog\\\/wp-content\\\/uploads\\\/2018\\\/12\\\/marketing-contenidos-empresa-rrhh-incrementa-ventas-1-600x400.jpg\",\"articleSection\":[\"Marketing Digital\",\"TOFU\"],\"inLanguage\":\"es\"},{\"@type\":\"WebPage\",\"@id\":\"https:\\\/\\\/www.sistemaimpulsa.com\\\/blog\\\/relacion-entre-las-ventas-y-la-administracion-empresarial\\\/\",\"url\":\"https:\\\/\\\/www.sistemaimpulsa.com\\\/blog\\\/relacion-entre-las-ventas-y-la-administracion-empresarial\\\/\",\"name\":\"Relaci\u00f3n entre las ventas y la administraci\u00f3n empresarial - Impulsa blog\",\"isPartOf\":{\"@id\":\"https:\\\/\\\/www.sistemaimpulsa.com\\\/blog\\\/#website\"},\"primaryImageOfPage\":{\"@id\":\"https:\\\/\\\/www.sistemaimpulsa.com\\\/blog\\\/relacion-entre-las-ventas-y-la-administracion-empresarial\\\/#primaryimage\"},\"image\":{\"@id\":\"https:\\\/\\\/www.sistemaimpulsa.com\\\/blog\\\/relacion-entre-las-ventas-y-la-administracion-empresarial\\\/#primaryimage\"},\"thumbnailUrl\":\"https:\\\/\\\/www.sistemaimpulsa.com\\\/blog\\\/wp-content\\\/uploads\\\/2018\\\/12\\\/marketing-contenidos-empresa-rrhh-incrementa-ventas-1-600x400.jpg\",\"datePublished\":\"2018-12-13T12:20:06+00:00\",\"dateModified\":\"2026-04-24T18:35:54+00:00\",\"author\":{\"@id\":\"https:\\\/\\\/www.sistemaimpulsa.com\\\/blog\\\/#\\\/schema\\\/person\\\/77061eb0328c10b0791fc8e9b3026246\"},\"description\":\"Donde todos en alg\u00fan momento de nuestras vidas hemos sido parte de ellos. Es por esto la importancia de saber d\u00f3nde y c\u00f3mo se deben generar las ventas\",\"breadcrumb\":{\"@id\":\"https:\\\/\\\/www.sistemaimpulsa.com\\\/blog\\\/relacion-entre-las-ventas-y-la-administracion-empresarial\\\/#breadcrumb\"},\"inLanguage\":\"es\",\"potentialAction\":[{\"@type\":\"ReadAction\",\"target\":[\"https:\\\/\\\/www.sistemaimpulsa.com\\\/blog\\\/relacion-entre-las-ventas-y-la-administracion-empresarial\\\/\"]}]},{\"@type\":\"ImageObject\",\"inLanguage\":\"es\",\"@id\":\"https:\\\/\\\/www.sistemaimpulsa.com\\\/blog\\\/relacion-entre-las-ventas-y-la-administracion-empresarial\\\/#primaryimage\",\"url\":\"https:\\\/\\\/www.sistemaimpulsa.com\\\/blog\\\/wp-content\\\/uploads\\\/2018\\\/12\\\/marketing-contenidos-empresa-rrhh-incrementa-ventas-1-600x400.jpg\",\"contentUrl\":\"https:\\\/\\\/www.sistemaimpulsa.com\\\/blog\\\/wp-content\\\/uploads\\\/2018\\\/12\\\/marketing-contenidos-empresa-rrhh-incrementa-ventas-1-600x400.jpg\",\"width\":600,\"height\":400,\"caption\":\"empresas\"},{\"@type\":\"BreadcrumbList\",\"@id\":\"https:\\\/\\\/www.sistemaimpulsa.com\\\/blog\\\/relacion-entre-las-ventas-y-la-administracion-empresarial\\\/#breadcrumb\",\"itemListElement\":[{\"@type\":\"ListItem\",\"position\":1,\"name\":\"Portada\",\"item\":\"https:\\\/\\\/www.sistemaimpulsa.com\\\/blog\\\/\"},{\"@type\":\"ListItem\",\"position\":2,\"name\":\"Relaci\u00f3n entre las ventas y la administraci\u00f3n empresarial\"}]},{\"@type\":\"WebSite\",\"@id\":\"https:\\\/\\\/www.sistemaimpulsa.com\\\/blog\\\/#website\",\"url\":\"https:\\\/\\\/www.sistemaimpulsa.com\\\/blog\\\/\",\"name\":\"Blog de Ventas y Digitalizaci\u00f3n - Impulsa\",\"description\":\"Blog dedicado a ayudar a emprendedores, pymes y empresas sobre ventas y digitalizaci\u00f3n, explicando en simple los contenidos complejos.\",\"potentialAction\":[{\"@type\":\"SearchAction\",\"target\":{\"@type\":\"EntryPoint\",\"urlTemplate\":\"https:\\\/\\\/www.sistemaimpulsa.com\\\/blog\\\/?s={search_term_string}\"},\"query-input\":{\"@type\":\"PropertyValueSpecification\",\"valueRequired\":true,\"valueName\":\"search_term_string\"}}],\"inLanguage\":\"es\"},{\"@type\":\"Person\",\"@id\":\"https:\\\/\\\/www.sistemaimpulsa.com\\\/blog\\\/#\\\/schema\\\/person\\\/77061eb0328c10b0791fc8e9b3026246\",\"name\":\"German\",\"image\":{\"@type\":\"ImageObject\",\"inLanguage\":\"es\",\"@id\":\"https:\\\/\\\/secure.gravatar.com\\\/avatar\\\/f00c033b51dd92dcfad5bfed9974005c3464b2ba96e2c30309474f252c5154f1?s=96&d=mm&r=g\",\"url\":\"https:\\\/\\\/secure.gravatar.com\\\/avatar\\\/f00c033b51dd92dcfad5bfed9974005c3464b2ba96e2c30309474f252c5154f1?s=96&d=mm&r=g\",\"contentUrl\":\"https:\\\/\\\/secure.gravatar.com\\\/avatar\\\/f00c033b51dd92dcfad5bfed9974005c3464b2ba96e2c30309474f252c5154f1?s=96&d=mm&r=g\",\"caption\":\"German\"},\"url\":\"https:\\\/\\\/www.sistemaimpulsa.com\\\/blog\\\/author\\\/german\\\/\"}]}<\/script>\n<!-- \/ Yoast SEO plugin. -->","yoast_head_json":{"title":"Relaci\u00f3n entre las ventas y la administraci\u00f3n empresarial - Impulsa blog","description":"Donde todos en alg\u00fan momento de nuestras vidas hemos sido parte de ellos. Es por esto la importancia de saber d\u00f3nde y c\u00f3mo se deben generar las ventas","robots":{"index":"index","follow":"follow","max-snippet":"max-snippet:-1","max-image-preview":"max-image-preview:large","max-video-preview":"max-video-preview:-1"},"canonical":"https:\/\/www.sistemaimpulsa.com\/blog\/relacion-entre-las-ventas-y-la-administracion-empresarial\/","og_locale":"es_ES","og_type":"article","og_title":"Relaci\u00f3n entre las ventas y la administraci\u00f3n empresarial - Impulsa blog","og_description":"Donde todos en alg\u00fan momento de nuestras vidas hemos sido parte de ellos. Es por esto la importancia de saber d\u00f3nde y c\u00f3mo se deben generar las ventas","og_url":"https:\/\/www.sistemaimpulsa.com\/blog\/relacion-entre-las-ventas-y-la-administracion-empresarial\/","og_site_name":"Blog de Ventas y Digitalizaci\u00f3n - Impulsa","article_published_time":"2018-12-13T12:20:06+00:00","article_modified_time":"2026-04-24T18:35:54+00:00","og_image":[{"width":600,"height":400,"url":"https:\/\/www.sistemaimpulsa.com\/blog\/wp-content\/uploads\/2018\/12\/marketing-contenidos-empresa-rrhh-incrementa-ventas-1-600x400.jpg","type":"image\/jpeg"}],"author":"German","twitter_card":"summary_large_image","twitter_misc":{"Escrito por":"German","Tiempo de lectura":"4 minutos"},"schema":{"@context":"https:\/\/schema.org","@graph":[{"@type":"Article","@id":"https:\/\/www.sistemaimpulsa.com\/blog\/relacion-entre-las-ventas-y-la-administracion-empresarial\/#article","isPartOf":{"@id":"https:\/\/www.sistemaimpulsa.com\/blog\/relacion-entre-las-ventas-y-la-administracion-empresarial\/"},"author":{"name":"German","@id":"https:\/\/www.sistemaimpulsa.com\/blog\/#\/schema\/person\/77061eb0328c10b0791fc8e9b3026246"},"headline":"Relaci\u00f3n entre las ventas y la administraci\u00f3n empresarial","datePublished":"2018-12-13T12:20:06+00:00","dateModified":"2026-04-24T18:35:54+00:00","mainEntityOfPage":{"@id":"https:\/\/www.sistemaimpulsa.com\/blog\/relacion-entre-las-ventas-y-la-administracion-empresarial\/"},"wordCount":893,"image":{"@id":"https:\/\/www.sistemaimpulsa.com\/blog\/relacion-entre-las-ventas-y-la-administracion-empresarial\/#primaryimage"},"thumbnailUrl":"https:\/\/www.sistemaimpulsa.com\/blog\/wp-content\/uploads\/2018\/12\/marketing-contenidos-empresa-rrhh-incrementa-ventas-1-600x400.jpg","articleSection":["Marketing Digital","TOFU"],"inLanguage":"es"},{"@type":"WebPage","@id":"https:\/\/www.sistemaimpulsa.com\/blog\/relacion-entre-las-ventas-y-la-administracion-empresarial\/","url":"https:\/\/www.sistemaimpulsa.com\/blog\/relacion-entre-las-ventas-y-la-administracion-empresarial\/","name":"Relaci\u00f3n entre las ventas y la administraci\u00f3n empresarial - Impulsa blog","isPartOf":{"@id":"https:\/\/www.sistemaimpulsa.com\/blog\/#website"},"primaryImageOfPage":{"@id":"https:\/\/www.sistemaimpulsa.com\/blog\/relacion-entre-las-ventas-y-la-administracion-empresarial\/#primaryimage"},"image":{"@id":"https:\/\/www.sistemaimpulsa.com\/blog\/relacion-entre-las-ventas-y-la-administracion-empresarial\/#primaryimage"},"thumbnailUrl":"https:\/\/www.sistemaimpulsa.com\/blog\/wp-content\/uploads\/2018\/12\/marketing-contenidos-empresa-rrhh-incrementa-ventas-1-600x400.jpg","datePublished":"2018-12-13T12:20:06+00:00","dateModified":"2026-04-24T18:35:54+00:00","author":{"@id":"https:\/\/www.sistemaimpulsa.com\/blog\/#\/schema\/person\/77061eb0328c10b0791fc8e9b3026246"},"description":"Donde todos en alg\u00fan momento de nuestras vidas hemos sido parte de ellos. Es por esto la importancia de saber d\u00f3nde y c\u00f3mo se deben generar las ventas","breadcrumb":{"@id":"https:\/\/www.sistemaimpulsa.com\/blog\/relacion-entre-las-ventas-y-la-administracion-empresarial\/#breadcrumb"},"inLanguage":"es","potentialAction":[{"@type":"ReadAction","target":["https:\/\/www.sistemaimpulsa.com\/blog\/relacion-entre-las-ventas-y-la-administracion-empresarial\/"]}]},{"@type":"ImageObject","inLanguage":"es","@id":"https:\/\/www.sistemaimpulsa.com\/blog\/relacion-entre-las-ventas-y-la-administracion-empresarial\/#primaryimage","url":"https:\/\/www.sistemaimpulsa.com\/blog\/wp-content\/uploads\/2018\/12\/marketing-contenidos-empresa-rrhh-incrementa-ventas-1-600x400.jpg","contentUrl":"https:\/\/www.sistemaimpulsa.com\/blog\/wp-content\/uploads\/2018\/12\/marketing-contenidos-empresa-rrhh-incrementa-ventas-1-600x400.jpg","width":600,"height":400,"caption":"empresas"},{"@type":"BreadcrumbList","@id":"https:\/\/www.sistemaimpulsa.com\/blog\/relacion-entre-las-ventas-y-la-administracion-empresarial\/#breadcrumb","itemListElement":[{"@type":"ListItem","position":1,"name":"Portada","item":"https:\/\/www.sistemaimpulsa.com\/blog\/"},{"@type":"ListItem","position":2,"name":"Relaci\u00f3n entre las ventas y la administraci\u00f3n empresarial"}]},{"@type":"WebSite","@id":"https:\/\/www.sistemaimpulsa.com\/blog\/#website","url":"https:\/\/www.sistemaimpulsa.com\/blog\/","name":"Blog de Ventas y Digitalizaci\u00f3n - Impulsa","description":"Blog dedicado a ayudar a emprendedores, pymes y empresas sobre ventas y digitalizaci\u00f3n, explicando en simple los contenidos complejos.","potentialAction":[{"@type":"SearchAction","target":{"@type":"EntryPoint","urlTemplate":"https:\/\/www.sistemaimpulsa.com\/blog\/?s={search_term_string}"},"query-input":{"@type":"PropertyValueSpecification","valueRequired":true,"valueName":"search_term_string"}}],"inLanguage":"es"},{"@type":"Person","@id":"https:\/\/www.sistemaimpulsa.com\/blog\/#\/schema\/person\/77061eb0328c10b0791fc8e9b3026246","name":"German","image":{"@type":"ImageObject","inLanguage":"es","@id":"https:\/\/secure.gravatar.com\/avatar\/f00c033b51dd92dcfad5bfed9974005c3464b2ba96e2c30309474f252c5154f1?s=96&d=mm&r=g","url":"https:\/\/secure.gravatar.com\/avatar\/f00c033b51dd92dcfad5bfed9974005c3464b2ba96e2c30309474f252c5154f1?s=96&d=mm&r=g","contentUrl":"https:\/\/secure.gravatar.com\/avatar\/f00c033b51dd92dcfad5bfed9974005c3464b2ba96e2c30309474f252c5154f1?s=96&d=mm&r=g","caption":"German"},"url":"https:\/\/www.sistemaimpulsa.com\/blog\/author\/german\/"}]}},"_links":{"self":[{"href":"https:\/\/www.sistemaimpulsa.com\/blog\/wp-json\/wp\/v2\/posts\/1239","targetHints":{"allow":["GET"]}}],"collection":[{"href":"https:\/\/www.sistemaimpulsa.com\/blog\/wp-json\/wp\/v2\/posts"}],"about":[{"href":"https:\/\/www.sistemaimpulsa.com\/blog\/wp-json\/wp\/v2\/types\/post"}],"author":[{"embeddable":true,"href":"https:\/\/www.sistemaimpulsa.com\/blog\/wp-json\/wp\/v2\/users\/5"}],"replies":[{"embeddable":true,"href":"https:\/\/www.sistemaimpulsa.com\/blog\/wp-json\/wp\/v2\/comments?post=1239"}],"version-history":[{"count":1,"href":"https:\/\/www.sistemaimpulsa.com\/blog\/wp-json\/wp\/v2\/posts\/1239\/revisions"}],"predecessor-version":[{"id":1245,"href":"https:\/\/www.sistemaimpulsa.com\/blog\/wp-json\/wp\/v2\/posts\/1239\/revisions\/1245"}],"wp:featuredmedia":[{"embeddable":true,"href":"https:\/\/www.sistemaimpulsa.com\/blog\/wp-json\/wp\/v2\/media\/1240"}],"wp:attachment":[{"href":"https:\/\/www.sistemaimpulsa.com\/blog\/wp-json\/wp\/v2\/media?parent=1239"}],"wp:term":[{"taxonomy":"category","embeddable":true,"href":"https:\/\/www.sistemaimpulsa.com\/blog\/wp-json\/wp\/v2\/categories?post=1239"},{"taxonomy":"post_tag","embeddable":true,"href":"https:\/\/www.sistemaimpulsa.com\/blog\/wp-json\/wp\/v2\/tags?post=1239"}],"curies":[{"name":"wp","href":"https:\/\/api.w.org\/{rel}","templated":true}]}}