{"id":1552,"date":"2019-01-15T14:48:25","date_gmt":"2019-01-15T14:48:25","guid":{"rendered":"https:\/\/www.sistemaimpulsa.com\/blog\/?p=1552"},"modified":"2026-05-02T20:47:49","modified_gmt":"2026-05-02T20:47:49","slug":"tu-presentacion-personal-afecta-el-desarrollo-empresarial","status":"publish","type":"post","link":"https:\/\/www.sistemaimpulsa.com\/blog\/tu-presentacion-personal-afecta-el-desarrollo-empresarial\/","title":{"rendered":"Tu presentaci\u00f3n personal, afecta el desarrollo empresarial"},"content":{"rendered":"<p><strong>Todo ser humano posee la capacidad de sentirse agradado ante los dem\u00e1s y viceversa<\/strong>, una imagen personal que represente <strong>pulcritud y armon\u00eda<\/strong>. Proyecta al individuo como alguien seguro de s\u00ed mismo. Tanto en lo <strong>personal, social y profesional<\/strong>. Dar una buena imagen que mostrar al mundo, permite que seas considerado de muchas buenas maneras. Sin dejar de lado que contribuye con tus evaluaciones a la hora de buscar nuevas <strong>oportunidades empresariales<\/strong>.<\/p>\n<p>Toda <strong>organizaci\u00f3n<\/strong>, debe preservar la <strong>imagen corporativa<\/strong>. El incentivar y ordenar, una l\u00ednea que regule los par\u00e1metros de <strong>presentaci\u00f3n personal<\/strong>, crea en el empleado la <strong>identidad institucional<\/strong>. Claro est\u00e1, siempre y cuando est\u00e9 estrechamente ligado con buenos planes <strong>de integraci\u00f3n y respaldo institucional. <\/strong><\/p>\n<p>Es caracter\u00edstico de <a href=\"https:\/\/www.sistemaimpulsa.com\/blog\/ejemplos-del-uso-del-intranet-en-grandes-empresas\/\">grandes empresas<\/a>, buscar una sola l\u00ednea en lo que a indumentaria se refiere.<strong> Un personal enmarcado en la uniformidad, que porte una imagen definida, refleja indudablemente seguridad y solidez empresarial<\/strong>. A su vez, causa un efecto \u00fanico y positivo de identidad organizacional ante la sociedad y el p\u00fablico consumidor de sus servicios.<\/p>\n<h2>\u00c1reas\u00a0de trabajo<\/h2>\n<p><img loading=\"lazy\" decoding=\"async\" class=\"aligncenter wp-image-1555\" src=\"https:\/\/www.sistemaimpulsa.com\/blog\/wp-content\/uploads\/2019\/01\/empleados-fans-1-300x105.jpg\" alt=\"personal\" width=\"600\" height=\"211\" srcset=\"https:\/\/www.sistemaimpulsa.com\/blog\/wp-content\/uploads\/2019\/01\/empleados-fans-1-300x105.jpg 300w, https:\/\/www.sistemaimpulsa.com\/blog\/wp-content\/uploads\/2019\/01\/empleados-fans-1.jpg 640w\" sizes=\"auto, (max-width: 600px) 100vw, 600px\" \/><\/p>\n<p>Las <strong>organizaciones<\/strong> actualmente definen sus \u00e1reas de <strong>trabajo<\/strong>, motivados por las labores que desempe\u00f1an, cada \u00e1rea. Debe poseer los <strong>requisitos o indumentaria <\/strong>necesaria a las labores desempe\u00f1adas o a la naturaleza de las labores o rango de acci\u00f3n de la misma.<\/p>\n<p>Si bien es cierto que la diversidad en la <strong>forma de vestir <\/strong>de las personas depende de su propia personalidad. No lo es menos que durante las horas <strong>laborales<\/strong> ciertos empleos requieren determinados c\u00f3digos de <strong>vestimenta<\/strong> para lograr una <strong>imagen profesional <\/strong>ante clientes y competidores.<\/p>\n<p>As\u00ed como aseguran los expertos que una l\u00ednea definida en <strong>vestimenta.<\/strong>\u00a0Contribuye con una mejora sustancial en los procesos de <strong>identidad del empleado con la empresa<\/strong>. Tambi\u00e9n plantean la teor\u00eda de la no injerencia o importancia de la vestimenta en el <strong><a href=\"https:\/\/www.sistemaimpulsa.com\/blog\/el-ausentismo-y-su-incidencia-en-el-desarrollo-empresarial\/\">desarrollo empresarial<\/a><\/strong>. Ambas con sentido l\u00f3gico, si se abordan desde las <strong>perspectivas justas y equilibradas<\/strong>, con sus respectivas bases te\u00f3ricas que justifiquen sus puntos.<\/p>\n<p><strong>\u201cAlgunos sostienen que permitir ropa informal en la oficina implica que los empleados adopten una actitud casual. Lo que deriva seg\u00fan ellos en una \u00e9tica de trabajo informal (empleados perezosos). <\/strong>Otros argumentan que como a los empleados se les permite vestir con mayor comodidad, su confianza. Y por lo tanto<strong> su productividad se incrementar\u00e1\u00bb, explica Jensen<\/strong> en su p\u00e1gina web sobre estrategias para la optimizaci\u00f3n del \u00e9xito.<\/p>\n<h2>La visi\u00f3n de gerente es vital<\/h2>\n<p><img loading=\"lazy\" decoding=\"async\" class=\"aligncenter wp-image-1554\" src=\"https:\/\/www.sistemaimpulsa.com\/blog\/wp-content\/uploads\/2019\/01\/1483371907000-e1525901319539-300x169.jpg\" alt=\"personal\" width=\"600\" height=\"337\" srcset=\"https:\/\/www.sistemaimpulsa.com\/blog\/wp-content\/uploads\/2019\/01\/1483371907000-e1525901319539-300x169.jpg 300w, https:\/\/www.sistemaimpulsa.com\/blog\/wp-content\/uploads\/2019\/01\/1483371907000-e1525901319539-768x432.jpg 768w, https:\/\/www.sistemaimpulsa.com\/blog\/wp-content\/uploads\/2019\/01\/1483371907000-e1525901319539-696x391.jpg 696w, https:\/\/www.sistemaimpulsa.com\/blog\/wp-content\/uploads\/2019\/01\/1483371907000-e1525901319539-747x420.jpg 747w, https:\/\/www.sistemaimpulsa.com\/blog\/wp-content\/uploads\/2019\/01\/1483371907000-e1525901319539.jpg 900w\" sizes=\"auto, (max-width: 600px) 100vw, 600px\" \/><\/p>\n<p>Una de las potestades que otorga ser parte de la <strong>alta gerencia<\/strong>, es la de tomar decisiones que garanticen el <strong>crecimiento y solidez empresarial<\/strong>. Una de ellas es algo tan a simple vista sencillo o trivial, como el definir si creas en la <strong>organizaci\u00f3n<\/strong> lineamientos que regulen la <strong>identidad empresarial.<\/strong><\/p>\n<p>Actualmente<strong>, las organizaciones pendientes y congruentes de nuevos m\u00e9todos gerenciales<\/strong>. Propician arbitrariamente la aplicaci\u00f3n de <strong>uniformes\u00a0 a su personal<\/strong>, a pesar de ser un costo o gasto adicional para la gesti\u00f3n. Citando textualmente el estudio desarrollado por \u00a0Andrew Jensen. Experto Estadounidense en el \u00e1rea empresarial y de negocios. Podemos aclarar lo siguiente:<\/p>\n<h2>El experto plantea la interrogante:<\/h2>\n<p>\u201c\u00bfcu\u00e1l es la estrategia correcta? Cient\u00edficamente hablando, <strong>\u00bfc\u00f3mo puede un c\u00f3digo de vestimenta incidir en la productividad de gran impacto?\u201d<\/strong><\/p>\n<p>\u201cEn pocas palabras, no lo s\u00e9. Al igual que los gerentes no est\u00e1n de acuerdo sobre la cuesti\u00f3n de la vestimenta. Tambi\u00e9n ha habido poca consistencia entre los investigadores\u00bb, se\u00f1ala \u00a0<strong>Andrew Jensen.<\/strong><\/p>\n<p>De hecho, un estudio, <strong>patrocinado por el Colegio de la Maestr\u00eda en California<\/strong>, public\u00f3 las siguientes conclusiones: \u00abHay un efecto sobre el desempe\u00f1o en el lugar de trabajo vinculado con la forma de vestir, informal o formal. La ropa casual tiene efectos igualmente positivos y negativos, seg\u00fan el \u00e1rea\u00bb.<\/p>\n<p>\u00abEn conclusi\u00f3n, la ropa es una preferencia muy personal que, al menos desde un punto de vista estad\u00edstico, no hay mejor manera de predecir c\u00f3mo la implementaci\u00f3n de <strong>un c\u00f3digo de vestimenta en su lugar de trabajo afectar\u00e1 a su productividad<\/strong>\u00ab; afirma el experto que, sin embargo, defiende la adaptaci\u00f3n del empleado seg\u00fan su entorno de trabajo. Dependiendo de qui\u00e9nes sean sus clientes y con qu\u00e9 frecuencia interact\u00faan los empleados con ellos.<\/p>\n<p>\u201cSi usted o sus empleados se relacionan con sus clientes de una manera exclusivamente <strong>profesional y de negocios.<\/strong>\u00a0Entonces su c\u00f3digo de vestir debe reflejar eso. Hemos de tener en cuenta que muchos clientes juzgar\u00e1n la productividad de un negocio basados \u00fanicamente en su nivel de profesionalismo\u00bb, recuerda <strong>Jensen.<\/strong><\/p>\n<h2>El dilema del uniforme<\/h2>\n<p>Parece obvio, y lo es. El experto considera importante una correcta manera de <strong>vestir<\/strong> del equipo en general, pero plantea que nunca podr\u00edan llegar a un acuerdo completo sobre el <strong>c\u00f3digo de vestimenta, hay que saber negociar, apunta. <\/strong><\/p>\n<p>\u201cEs importante tener en cuenta las preferencias generales de su personal, sobre todo si su objetivo principal en <strong>el establecimiento de directrices de vestimenta para aumentar la productividad<\/strong> y establecer un punto medio en el que la norma no signifique grandes gastos para la empresa en uniformidad, ni un mayor desembolso de dinero en ropa para los empleados.\u201d<\/p>\n<p>No todos los empleos requieren traje formal, pero algunos s\u00ed que requieren un look m\u00e1s juvenil y hasta controvertido, todo depende del sector al que vaya enfocado el producto.<\/p>\n","protected":false},"excerpt":{"rendered":"<p>Todo ser humano posee la capacidad de sentirse agradado ante los dem\u00e1s y viceversa, una imagen personal que represente pulcritud y armon\u00eda. Proyecta al individuo como alguien seguro de s\u00ed mismo. Tanto en lo personal, social y profesional. Dar una buena imagen que mostrar al mundo, permite que seas considerado de muchas buenas maneras. Sin [&hellip;]<\/p>\n","protected":false},"author":5,"featured_media":1511,"comment_status":"closed","ping_status":"open","sticky":false,"template":"","format":"standard","meta":{"footnotes":""},"categories":[20,2914],"tags":[],"class_list":["post-1552","post","type-post","status-publish","format-standard","has-post-thumbnail","hentry","category-negocios","category-funnel-tofu"],"yoast_head":"<!-- This site is optimized with the Yoast SEO plugin v27.5 - https:\/\/yoast.com\/product\/yoast-seo-wordpress\/ -->\n<title>Tu presentaci\u00f3n personal, afecta el desarrollo empresarial - Impulsa blog<\/title>\n<meta name=\"description\" content=\"Tanto en lo personal, social y profesional. Dar una buena imagen que mostrar al mundo, permite que seas considerado de muchas buenas maneras\" \/>\n<meta name=\"robots\" content=\"index, follow, max-snippet:-1, max-image-preview:large, max-video-preview:-1\" \/>\n<link rel=\"canonical\" href=\"https:\/\/www.sistemaimpulsa.com\/blog\/tu-presentacion-personal-afecta-el-desarrollo-empresarial\/\" \/>\n<meta property=\"og:locale\" content=\"es_ES\" \/>\n<meta property=\"og:type\" content=\"article\" \/>\n<meta property=\"og:title\" content=\"Tu presentaci\u00f3n personal, afecta el desarrollo empresarial - Impulsa blog\" \/>\n<meta property=\"og:description\" content=\"Tanto en lo personal, social y profesional. Dar una buena imagen que mostrar al mundo, permite que seas considerado de muchas buenas maneras\" \/>\n<meta property=\"og:url\" content=\"https:\/\/www.sistemaimpulsa.com\/blog\/tu-presentacion-personal-afecta-el-desarrollo-empresarial\/\" \/>\n<meta property=\"og:site_name\" content=\"Blog de Ventas y Digitalizaci\u00f3n - Impulsa\" \/>\n<meta property=\"article:published_time\" content=\"2019-01-15T14:48:25+00:00\" \/>\n<meta property=\"article:modified_time\" content=\"2026-05-02T20:47:49+00:00\" \/>\n<meta property=\"og:image\" content=\"https:\/\/www.sistemaimpulsa.com\/blog\/wp-content\/uploads\/2019\/01\/o-CANADIAN-EXECUTIVES-GOVERNMENT-facebook1.jpg\" \/>\n\t<meta property=\"og:image:width\" content=\"1536\" \/>\n\t<meta property=\"og:image:height\" content=\"1023\" \/>\n\t<meta property=\"og:image:type\" content=\"image\/jpeg\" \/>\n<meta name=\"author\" content=\"German\" \/>\n<meta name=\"twitter:card\" content=\"summary_large_image\" \/>\n<meta name=\"twitter:label1\" content=\"Escrito por\" \/>\n\t<meta name=\"twitter:data1\" content=\"German\" \/>\n\t<meta name=\"twitter:label2\" content=\"Tiempo de lectura\" \/>\n\t<meta name=\"twitter:data2\" content=\"5 minutos\" \/>\n<script type=\"application\/ld+json\" class=\"yoast-schema-graph\">{\"@context\":\"https:\\\/\\\/schema.org\",\"@graph\":[{\"@type\":\"Article\",\"@id\":\"https:\\\/\\\/www.sistemaimpulsa.com\\\/blog\\\/tu-presentacion-personal-afecta-el-desarrollo-empresarial\\\/#article\",\"isPartOf\":{\"@id\":\"https:\\\/\\\/www.sistemaimpulsa.com\\\/blog\\\/tu-presentacion-personal-afecta-el-desarrollo-empresarial\\\/\"},\"author\":{\"name\":\"German\",\"@id\":\"https:\\\/\\\/www.sistemaimpulsa.com\\\/blog\\\/#\\\/schema\\\/person\\\/77061eb0328c10b0791fc8e9b3026246\"},\"headline\":\"Tu presentaci\u00f3n personal, afecta el desarrollo empresarial\",\"datePublished\":\"2019-01-15T14:48:25+00:00\",\"dateModified\":\"2026-05-02T20:47:49+00:00\",\"mainEntityOfPage\":{\"@id\":\"https:\\\/\\\/www.sistemaimpulsa.com\\\/blog\\\/tu-presentacion-personal-afecta-el-desarrollo-empresarial\\\/\"},\"wordCount\":914,\"image\":{\"@id\":\"https:\\\/\\\/www.sistemaimpulsa.com\\\/blog\\\/tu-presentacion-personal-afecta-el-desarrollo-empresarial\\\/#primaryimage\"},\"thumbnailUrl\":\"https:\\\/\\\/www.sistemaimpulsa.com\\\/blog\\\/wp-content\\\/uploads\\\/2019\\\/01\\\/o-CANADIAN-EXECUTIVES-GOVERNMENT-facebook1.jpg\",\"articleSection\":[\"Negocios\",\"TOFU\"],\"inLanguage\":\"es\"},{\"@type\":\"WebPage\",\"@id\":\"https:\\\/\\\/www.sistemaimpulsa.com\\\/blog\\\/tu-presentacion-personal-afecta-el-desarrollo-empresarial\\\/\",\"url\":\"https:\\\/\\\/www.sistemaimpulsa.com\\\/blog\\\/tu-presentacion-personal-afecta-el-desarrollo-empresarial\\\/\",\"name\":\"Tu presentaci\u00f3n personal, afecta el desarrollo empresarial - Impulsa blog\",\"isPartOf\":{\"@id\":\"https:\\\/\\\/www.sistemaimpulsa.com\\\/blog\\\/#website\"},\"primaryImageOfPage\":{\"@id\":\"https:\\\/\\\/www.sistemaimpulsa.com\\\/blog\\\/tu-presentacion-personal-afecta-el-desarrollo-empresarial\\\/#primaryimage\"},\"image\":{\"@id\":\"https:\\\/\\\/www.sistemaimpulsa.com\\\/blog\\\/tu-presentacion-personal-afecta-el-desarrollo-empresarial\\\/#primaryimage\"},\"thumbnailUrl\":\"https:\\\/\\\/www.sistemaimpulsa.com\\\/blog\\\/wp-content\\\/uploads\\\/2019\\\/01\\\/o-CANADIAN-EXECUTIVES-GOVERNMENT-facebook1.jpg\",\"datePublished\":\"2019-01-15T14:48:25+00:00\",\"dateModified\":\"2026-05-02T20:47:49+00:00\",\"author\":{\"@id\":\"https:\\\/\\\/www.sistemaimpulsa.com\\\/blog\\\/#\\\/schema\\\/person\\\/77061eb0328c10b0791fc8e9b3026246\"},\"description\":\"Tanto en lo personal, social y profesional. Dar una buena imagen que mostrar al mundo, permite que seas considerado de muchas buenas maneras\",\"breadcrumb\":{\"@id\":\"https:\\\/\\\/www.sistemaimpulsa.com\\\/blog\\\/tu-presentacion-personal-afecta-el-desarrollo-empresarial\\\/#breadcrumb\"},\"inLanguage\":\"es\",\"potentialAction\":[{\"@type\":\"ReadAction\",\"target\":[\"https:\\\/\\\/www.sistemaimpulsa.com\\\/blog\\\/tu-presentacion-personal-afecta-el-desarrollo-empresarial\\\/\"]}]},{\"@type\":\"ImageObject\",\"inLanguage\":\"es\",\"@id\":\"https:\\\/\\\/www.sistemaimpulsa.com\\\/blog\\\/tu-presentacion-personal-afecta-el-desarrollo-empresarial\\\/#primaryimage\",\"url\":\"https:\\\/\\\/www.sistemaimpulsa.com\\\/blog\\\/wp-content\\\/uploads\\\/2019\\\/01\\\/o-CANADIAN-EXECUTIVES-GOVERNMENT-facebook1.jpg\",\"contentUrl\":\"https:\\\/\\\/www.sistemaimpulsa.com\\\/blog\\\/wp-content\\\/uploads\\\/2019\\\/01\\\/o-CANADIAN-EXECUTIVES-GOVERNMENT-facebook1.jpg\",\"width\":1536,\"height\":1023,\"caption\":\"personal\"},{\"@type\":\"BreadcrumbList\",\"@id\":\"https:\\\/\\\/www.sistemaimpulsa.com\\\/blog\\\/tu-presentacion-personal-afecta-el-desarrollo-empresarial\\\/#breadcrumb\",\"itemListElement\":[{\"@type\":\"ListItem\",\"position\":1,\"name\":\"Portada\",\"item\":\"https:\\\/\\\/www.sistemaimpulsa.com\\\/blog\\\/\"},{\"@type\":\"ListItem\",\"position\":2,\"name\":\"Tu presentaci\u00f3n personal, afecta el desarrollo empresarial\"}]},{\"@type\":\"WebSite\",\"@id\":\"https:\\\/\\\/www.sistemaimpulsa.com\\\/blog\\\/#website\",\"url\":\"https:\\\/\\\/www.sistemaimpulsa.com\\\/blog\\\/\",\"name\":\"Blog de Ventas y Digitalizaci\u00f3n - Impulsa\",\"description\":\"Blog dedicado a ayudar a emprendedores, pymes y empresas sobre ventas y digitalizaci\u00f3n, explicando en simple los contenidos complejos.\",\"potentialAction\":[{\"@type\":\"SearchAction\",\"target\":{\"@type\":\"EntryPoint\",\"urlTemplate\":\"https:\\\/\\\/www.sistemaimpulsa.com\\\/blog\\\/?s={search_term_string}\"},\"query-input\":{\"@type\":\"PropertyValueSpecification\",\"valueRequired\":true,\"valueName\":\"search_term_string\"}}],\"inLanguage\":\"es\"},{\"@type\":\"Person\",\"@id\":\"https:\\\/\\\/www.sistemaimpulsa.com\\\/blog\\\/#\\\/schema\\\/person\\\/77061eb0328c10b0791fc8e9b3026246\",\"name\":\"German\",\"image\":{\"@type\":\"ImageObject\",\"inLanguage\":\"es\",\"@id\":\"https:\\\/\\\/secure.gravatar.com\\\/avatar\\\/f00c033b51dd92dcfad5bfed9974005c3464b2ba96e2c30309474f252c5154f1?s=96&d=mm&r=g\",\"url\":\"https:\\\/\\\/secure.gravatar.com\\\/avatar\\\/f00c033b51dd92dcfad5bfed9974005c3464b2ba96e2c30309474f252c5154f1?s=96&d=mm&r=g\",\"contentUrl\":\"https:\\\/\\\/secure.gravatar.com\\\/avatar\\\/f00c033b51dd92dcfad5bfed9974005c3464b2ba96e2c30309474f252c5154f1?s=96&d=mm&r=g\",\"caption\":\"German\"},\"url\":\"https:\\\/\\\/www.sistemaimpulsa.com\\\/blog\\\/author\\\/german\\\/\"}]}<\/script>\n<!-- \/ Yoast SEO plugin. -->","yoast_head_json":{"title":"Tu presentaci\u00f3n personal, afecta el desarrollo empresarial - Impulsa blog","description":"Tanto en lo personal, social y profesional. Dar una buena imagen que mostrar al mundo, permite que seas considerado de muchas buenas maneras","robots":{"index":"index","follow":"follow","max-snippet":"max-snippet:-1","max-image-preview":"max-image-preview:large","max-video-preview":"max-video-preview:-1"},"canonical":"https:\/\/www.sistemaimpulsa.com\/blog\/tu-presentacion-personal-afecta-el-desarrollo-empresarial\/","og_locale":"es_ES","og_type":"article","og_title":"Tu presentaci\u00f3n personal, afecta el desarrollo empresarial - Impulsa blog","og_description":"Tanto en lo personal, social y profesional. Dar una buena imagen que mostrar al mundo, permite que seas considerado de muchas buenas maneras","og_url":"https:\/\/www.sistemaimpulsa.com\/blog\/tu-presentacion-personal-afecta-el-desarrollo-empresarial\/","og_site_name":"Blog de Ventas y Digitalizaci\u00f3n - Impulsa","article_published_time":"2019-01-15T14:48:25+00:00","article_modified_time":"2026-05-02T20:47:49+00:00","og_image":[{"width":1536,"height":1023,"url":"https:\/\/www.sistemaimpulsa.com\/blog\/wp-content\/uploads\/2019\/01\/o-CANADIAN-EXECUTIVES-GOVERNMENT-facebook1.jpg","type":"image\/jpeg"}],"author":"German","twitter_card":"summary_large_image","twitter_misc":{"Escrito por":"German","Tiempo de lectura":"5 minutos"},"schema":{"@context":"https:\/\/schema.org","@graph":[{"@type":"Article","@id":"https:\/\/www.sistemaimpulsa.com\/blog\/tu-presentacion-personal-afecta-el-desarrollo-empresarial\/#article","isPartOf":{"@id":"https:\/\/www.sistemaimpulsa.com\/blog\/tu-presentacion-personal-afecta-el-desarrollo-empresarial\/"},"author":{"name":"German","@id":"https:\/\/www.sistemaimpulsa.com\/blog\/#\/schema\/person\/77061eb0328c10b0791fc8e9b3026246"},"headline":"Tu presentaci\u00f3n personal, afecta el desarrollo empresarial","datePublished":"2019-01-15T14:48:25+00:00","dateModified":"2026-05-02T20:47:49+00:00","mainEntityOfPage":{"@id":"https:\/\/www.sistemaimpulsa.com\/blog\/tu-presentacion-personal-afecta-el-desarrollo-empresarial\/"},"wordCount":914,"image":{"@id":"https:\/\/www.sistemaimpulsa.com\/blog\/tu-presentacion-personal-afecta-el-desarrollo-empresarial\/#primaryimage"},"thumbnailUrl":"https:\/\/www.sistemaimpulsa.com\/blog\/wp-content\/uploads\/2019\/01\/o-CANADIAN-EXECUTIVES-GOVERNMENT-facebook1.jpg","articleSection":["Negocios","TOFU"],"inLanguage":"es"},{"@type":"WebPage","@id":"https:\/\/www.sistemaimpulsa.com\/blog\/tu-presentacion-personal-afecta-el-desarrollo-empresarial\/","url":"https:\/\/www.sistemaimpulsa.com\/blog\/tu-presentacion-personal-afecta-el-desarrollo-empresarial\/","name":"Tu presentaci\u00f3n personal, afecta el desarrollo empresarial - Impulsa blog","isPartOf":{"@id":"https:\/\/www.sistemaimpulsa.com\/blog\/#website"},"primaryImageOfPage":{"@id":"https:\/\/www.sistemaimpulsa.com\/blog\/tu-presentacion-personal-afecta-el-desarrollo-empresarial\/#primaryimage"},"image":{"@id":"https:\/\/www.sistemaimpulsa.com\/blog\/tu-presentacion-personal-afecta-el-desarrollo-empresarial\/#primaryimage"},"thumbnailUrl":"https:\/\/www.sistemaimpulsa.com\/blog\/wp-content\/uploads\/2019\/01\/o-CANADIAN-EXECUTIVES-GOVERNMENT-facebook1.jpg","datePublished":"2019-01-15T14:48:25+00:00","dateModified":"2026-05-02T20:47:49+00:00","author":{"@id":"https:\/\/www.sistemaimpulsa.com\/blog\/#\/schema\/person\/77061eb0328c10b0791fc8e9b3026246"},"description":"Tanto en lo personal, social y profesional. Dar una buena imagen que mostrar al mundo, permite que seas considerado de muchas buenas maneras","breadcrumb":{"@id":"https:\/\/www.sistemaimpulsa.com\/blog\/tu-presentacion-personal-afecta-el-desarrollo-empresarial\/#breadcrumb"},"inLanguage":"es","potentialAction":[{"@type":"ReadAction","target":["https:\/\/www.sistemaimpulsa.com\/blog\/tu-presentacion-personal-afecta-el-desarrollo-empresarial\/"]}]},{"@type":"ImageObject","inLanguage":"es","@id":"https:\/\/www.sistemaimpulsa.com\/blog\/tu-presentacion-personal-afecta-el-desarrollo-empresarial\/#primaryimage","url":"https:\/\/www.sistemaimpulsa.com\/blog\/wp-content\/uploads\/2019\/01\/o-CANADIAN-EXECUTIVES-GOVERNMENT-facebook1.jpg","contentUrl":"https:\/\/www.sistemaimpulsa.com\/blog\/wp-content\/uploads\/2019\/01\/o-CANADIAN-EXECUTIVES-GOVERNMENT-facebook1.jpg","width":1536,"height":1023,"caption":"personal"},{"@type":"BreadcrumbList","@id":"https:\/\/www.sistemaimpulsa.com\/blog\/tu-presentacion-personal-afecta-el-desarrollo-empresarial\/#breadcrumb","itemListElement":[{"@type":"ListItem","position":1,"name":"Portada","item":"https:\/\/www.sistemaimpulsa.com\/blog\/"},{"@type":"ListItem","position":2,"name":"Tu presentaci\u00f3n personal, afecta el desarrollo empresarial"}]},{"@type":"WebSite","@id":"https:\/\/www.sistemaimpulsa.com\/blog\/#website","url":"https:\/\/www.sistemaimpulsa.com\/blog\/","name":"Blog de Ventas y Digitalizaci\u00f3n - Impulsa","description":"Blog dedicado a ayudar a emprendedores, pymes y empresas sobre ventas y digitalizaci\u00f3n, explicando en simple los contenidos complejos.","potentialAction":[{"@type":"SearchAction","target":{"@type":"EntryPoint","urlTemplate":"https:\/\/www.sistemaimpulsa.com\/blog\/?s={search_term_string}"},"query-input":{"@type":"PropertyValueSpecification","valueRequired":true,"valueName":"search_term_string"}}],"inLanguage":"es"},{"@type":"Person","@id":"https:\/\/www.sistemaimpulsa.com\/blog\/#\/schema\/person\/77061eb0328c10b0791fc8e9b3026246","name":"German","image":{"@type":"ImageObject","inLanguage":"es","@id":"https:\/\/secure.gravatar.com\/avatar\/f00c033b51dd92dcfad5bfed9974005c3464b2ba96e2c30309474f252c5154f1?s=96&d=mm&r=g","url":"https:\/\/secure.gravatar.com\/avatar\/f00c033b51dd92dcfad5bfed9974005c3464b2ba96e2c30309474f252c5154f1?s=96&d=mm&r=g","contentUrl":"https:\/\/secure.gravatar.com\/avatar\/f00c033b51dd92dcfad5bfed9974005c3464b2ba96e2c30309474f252c5154f1?s=96&d=mm&r=g","caption":"German"},"url":"https:\/\/www.sistemaimpulsa.com\/blog\/author\/german\/"}]}},"_links":{"self":[{"href":"https:\/\/www.sistemaimpulsa.com\/blog\/wp-json\/wp\/v2\/posts\/1552","targetHints":{"allow":["GET"]}}],"collection":[{"href":"https:\/\/www.sistemaimpulsa.com\/blog\/wp-json\/wp\/v2\/posts"}],"about":[{"href":"https:\/\/www.sistemaimpulsa.com\/blog\/wp-json\/wp\/v2\/types\/post"}],"author":[{"embeddable":true,"href":"https:\/\/www.sistemaimpulsa.com\/blog\/wp-json\/wp\/v2\/users\/5"}],"replies":[{"embeddable":true,"href":"https:\/\/www.sistemaimpulsa.com\/blog\/wp-json\/wp\/v2\/comments?post=1552"}],"version-history":[{"count":2,"href":"https:\/\/www.sistemaimpulsa.com\/blog\/wp-json\/wp\/v2\/posts\/1552\/revisions"}],"predecessor-version":[{"id":22288,"href":"https:\/\/www.sistemaimpulsa.com\/blog\/wp-json\/wp\/v2\/posts\/1552\/revisions\/22288"}],"wp:featuredmedia":[{"embeddable":true,"href":"https:\/\/www.sistemaimpulsa.com\/blog\/wp-json\/wp\/v2\/media\/1511"}],"wp:attachment":[{"href":"https:\/\/www.sistemaimpulsa.com\/blog\/wp-json\/wp\/v2\/media?parent=1552"}],"wp:term":[{"taxonomy":"category","embeddable":true,"href":"https:\/\/www.sistemaimpulsa.com\/blog\/wp-json\/wp\/v2\/categories?post=1552"},{"taxonomy":"post_tag","embeddable":true,"href":"https:\/\/www.sistemaimpulsa.com\/blog\/wp-json\/wp\/v2\/tags?post=1552"}],"curies":[{"name":"wp","href":"https:\/\/api.w.org\/{rel}","templated":true}]}}