{"id":1574,"date":"2019-01-18T01:11:40","date_gmt":"2019-01-18T01:11:40","guid":{"rendered":"https:\/\/www.sistemaimpulsa.com\/blog\/?p=1574"},"modified":"2026-05-02T04:44:17","modified_gmt":"2026-05-02T04:44:17","slug":"los-jefes-tambien-se-enferman","status":"publish","type":"post","link":"https:\/\/www.sistemaimpulsa.com\/blog\/los-jefes-tambien-se-enferman\/","title":{"rendered":"Los jefes tambi\u00e9n se enferman"},"content":{"rendered":"<p>Aun cuando el cuerpo humano es una m\u00e1quina perfecta.<strong>\u00a0Esta debe mantenerse a tono para que pueda operar con total efectividad y sin fallas<\/strong>. En la actualidad un buen funcionamiento de nuestro organismo, no es de gran importancia. Cada quien usa de forma abusiva las fuerzas y capacidades de su cuerpo. Sin tomar en consideraci\u00f3n que en cualquier momento puede dejarte en el camino. La salud es vital, si no aportas una cantidad equitativa de descanso y trabajo a tu organismo puedes estar en problemas. Casos cotidianos se presentan con el deterioro de la salud tanto de las organizaciones como de sus dirigentes, porque <strong>Los jefes tambi\u00e9n se enferman<\/strong>.<\/p>\n<p>El estr\u00e9s<strong>, la enfermedad silente del siglo XXI<\/strong>, deteriora y degenera poco a poco el organismos de una forma voluntaria. Ya que eres tu quien se permite vivir constantemente en las manos de situaciones inc\u00f3modas. Qu\u00e9 alterar tu cotidianidad y a su vez tu organismo lentamente. Existen factores tanto externos como internos que <strong>promueven el estr\u00e9s.<\/strong> La econom\u00eda tanto personal como mundial, los conflictos cotidianos que acarrean la direcci\u00f3n o gerencia empresarial. As\u00ed como tambi\u00e9n todos los aspectos que hacen juego en la vida empresarial. Son la suma de todo esto, lo que va deteriorando la salud de los gerentes y de la poblaci\u00f3n general.<\/p>\n<h2>Dirigir una organizaci\u00f3n empresarial<\/h2>\n<p><img loading=\"lazy\" decoding=\"async\" class=\"aligncenter wp-image-1575\" src=\"https:\/\/www.sistemaimpulsa.com\/blog\/wp-content\/uploads\/2019\/01\/amistad-con-el-jefe-1432242157418-300x147.jpg\" alt=\" jefes\" width=\"600\" height=\"295\" srcset=\"https:\/\/www.sistemaimpulsa.com\/blog\/wp-content\/uploads\/2019\/01\/amistad-con-el-jefe-1432242157418-300x147.jpg 300w, https:\/\/www.sistemaimpulsa.com\/blog\/wp-content\/uploads\/2019\/01\/amistad-con-el-jefe-1432242157418-324x160.jpg 324w, https:\/\/www.sistemaimpulsa.com\/blog\/wp-content\/uploads\/2019\/01\/amistad-con-el-jefe-1432242157418-533x261.jpg 533w, https:\/\/www.sistemaimpulsa.com\/blog\/wp-content\/uploads\/2019\/01\/amistad-con-el-jefe-1432242157418-696x342.jpg 696w, https:\/\/www.sistemaimpulsa.com\/blog\/wp-content\/uploads\/2019\/01\/amistad-con-el-jefe-1432242157418.jpg 712w\" sizes=\"auto, (max-width: 600px) 100vw, 600px\" \/><\/p>\n<p>El dirigir y mantener a flote cualquier <strong>organizaci\u00f3n empresarial,<\/strong> conlleva una responsabilidad sumamente importante en quienes se someten a ocupar estos cargos. La constante exigencia de las responsabilidades y el logro general de los n\u00fameros que deben mantener a flote a la empresa. Ocasionan una carga constante de energ\u00edas bivalentes, que afectan a sus responsables. No existe margen de error cuando la responsabilidad del \u00e9xito recae sobre ti como jefe. Es importante resaltar, \u00bfEs necesario tanto esfuerzo por el cumplimiento de metas?, <strong>\u00bfTu salud importa?, \u00bfmerece tanto esfuerzo a cambio de posibles enfermedades a futuro?<\/strong><\/p>\n<p>Es evidente y meritorio reconocer que la panacea de todo gerente es cumplir su sue\u00f1o profesional de crear, formar y levantar, una organizaci\u00f3n de \u00e9xito. Por lo visto bajo cualquier riesgo o inversi\u00f3n.<strong> Es evidente que estamos dejando de lado un recurso primordial para cumplir nuestros sue\u00f1os,<\/strong> nuestra salud, una calidad de vida basada no solamente en la cantidad de dinero que puedas generar. Sino en todo aquello que puedas hacer en pro de tu descanso y bienestar con ese dinero. <strong>Es lo realmente importante,<\/strong> ten presente que tu meta debe compartirse entre tu vida profesional y tu vida personal. La salud es quien va a permitir que t\u00fa llegues cada m\u00e1s cerca de las <strong>metas planteadas.<\/strong><\/p>\n<p><strong>Trabajar para estar a tono de las exigencias empresariales,<\/strong> es cada d\u00eda m\u00e1s agotador y exigente. Los niveles de la gerencia actual y la competitividad de los mercados van evolucionando cada d\u00eda. Por lo tanto, debes ir al ritmo que propician las necesidades empresariales. Lo cual es evidentemente notorio y sensible para <strong>los jefes<\/strong> y <strong>quienes aspiran a ser jefes<\/strong>. Es decir, los niveles d empe\u00f1o y entrega son m\u00e1s altos para el logro de los objetivos y la lucha interempresarial d\u00eda tras d\u00eda.<\/p>\n<p>Estar al frente de cualquier organizaci\u00f3n se traduce en el manejo de altos niveles de estr\u00e9s, ya no por lograr mayores ganancias o <strong>alcanzar objetivos comerciales propuestos,<\/strong> sino por evitar que la empresa cierre sus puertas y se declare en bancarrota ante un fracaso estrepitoso.<\/p>\n<h2>Sin salud no hay nada<\/h2>\n<p><img loading=\"lazy\" decoding=\"async\" class=\"aligncenter wp-image-1577\" src=\"https:\/\/www.sistemaimpulsa.com\/blog\/wp-content\/uploads\/2019\/01\/72359454-jefe-enfermo-de-pie-cerca-del-m\u00e9dico-o-m\u00e9dico-que-est\u00e1-apuntando-la-mu\u00f1eca-mientras-que-la-cita-concepto-aisl-300x199.jpg\" alt=\" jefes\" width=\"600\" height=\"398\" srcset=\"https:\/\/www.sistemaimpulsa.com\/blog\/wp-content\/uploads\/2019\/01\/72359454-jefe-enfermo-de-pie-cerca-del-m\u00e9dico-o-m\u00e9dico-que-est\u00e1-apuntando-la-mu\u00f1eca-mientras-que-la-cita-concepto-aisl-300x199.jpg 300w, https:\/\/www.sistemaimpulsa.com\/blog\/wp-content\/uploads\/2019\/01\/72359454-jefe-enfermo-de-pie-cerca-del-m\u00e9dico-o-m\u00e9dico-que-est\u00e1-apuntando-la-mu\u00f1eca-mientras-que-la-cita-concepto-aisl-768x510.jpg 768w, https:\/\/www.sistemaimpulsa.com\/blog\/wp-content\/uploads\/2019\/01\/72359454-jefe-enfermo-de-pie-cerca-del-m\u00e9dico-o-m\u00e9dico-que-est\u00e1-apuntando-la-mu\u00f1eca-mientras-que-la-cita-concepto-aisl-1024x680.jpg 1024w, https:\/\/www.sistemaimpulsa.com\/blog\/wp-content\/uploads\/2019\/01\/72359454-jefe-enfermo-de-pie-cerca-del-m\u00e9dico-o-m\u00e9dico-que-est\u00e1-apuntando-la-mu\u00f1eca-mientras-que-la-cita-concepto-aisl-696x462.jpg 696w, https:\/\/www.sistemaimpulsa.com\/blog\/wp-content\/uploads\/2019\/01\/72359454-jefe-enfermo-de-pie-cerca-del-m\u00e9dico-o-m\u00e9dico-que-est\u00e1-apuntando-la-mu\u00f1eca-mientras-que-la-cita-concepto-aisl-1068x709.jpg 1068w, https:\/\/www.sistemaimpulsa.com\/blog\/wp-content\/uploads\/2019\/01\/72359454-jefe-enfermo-de-pie-cerca-del-m\u00e9dico-o-m\u00e9dico-que-est\u00e1-apuntando-la-mu\u00f1eca-mientras-que-la-cita-concepto-aisl-633x420.jpg 633w, https:\/\/www.sistemaimpulsa.com\/blog\/wp-content\/uploads\/2019\/01\/72359454-jefe-enfermo-de-pie-cerca-del-m\u00e9dico-o-m\u00e9dico-que-est\u00e1-apuntando-la-mu\u00f1eca-mientras-que-la-cita-concepto-aisl.jpg 1300w\" sizes=\"auto, (max-width: 600px) 100vw, 600px\" \/><\/p>\n<p>Las condiciones f\u00edsicas var\u00edan de individuo a individuo, no todos tienen las mismas condiciones f\u00edsicas para mantener <strong>un ritmo constante de trabajo.<\/strong> Hay quienes recuperan fuerzas con mayor efectividad que otros, son factores personales que inciden en estas condiciones de supervivencia. Pero,<strong> \u00bfRealmente es necesario el sacrificio de tu salud y plenitud, por ejercer un cargo de ese nivel?<\/strong> Deducimos, que esta respuesta est\u00e1 estrechamente ligada a la personalidad el individuo. Es quien plantea sus respuestas y los sacrificios que podr\u00eda llegar hacer, <strong>en pro de sus sue\u00f1os.<\/strong> La ambici\u00f3n dirigida de la forma que sea entra en juego indudablemente. Siendo evidente que se est\u00e1 sacrificando la salud como principal recurso a considerar para el logro de tus metas.<\/p>\n<p>El reconocer las se\u00f1ales de que te est\u00e1s agotando, es evidente para cualquier. El detalle se centra en asumir dichas se\u00f1ales y darles la importancia que las mismas merecen. Es coincidencia que las enfermedades m\u00e1s comunes entre los jefes o gerentes est\u00e9n: <strong>no conciliar el sue\u00f1o por la noche<\/strong>, o <strong>experimentan dolores de est\u00f3mago, indigesti\u00f3n,<\/strong> falta de concentraci\u00f3n y est\u00e1n constantemente irritables. El estado de \u00e1nimo es mucho m\u00e1s cambiante lo que pone tambi\u00e9n en riesgo sus relaciones personales.<\/p>\n<p>No con esto se quiere inducir a no postular y\/o ocupar cargos de <strong>alta gerencia o jefaturas<\/strong>, no, solo se debe promover el uso adecuado. De tus fuerzas y que el cuerpo como conjunto de funciones amerita el mayor cuidado obligatoriamente. Por lo tanto, te facilitamos una serie de par\u00e1metros para ajustar y tratar de manejar mejor la cotidianidad laboral y sus aristas.<\/p>\n<h3>Recetas anti-estr\u00e9s para directivos<\/h3>\n<p><img loading=\"lazy\" decoding=\"async\" class=\"aligncenter wp-image-1578\" src=\"https:\/\/www.sistemaimpulsa.com\/blog\/wp-content\/uploads\/2019\/01\/ayuda-de-ofrecimiento-de-la-secretaria-\u00fatil-al-jefe-enfermo-en-la-oficina-89883714-300x200.jpg\" alt=\" jefes\" width=\"600\" height=\"401\" srcset=\"https:\/\/www.sistemaimpulsa.com\/blog\/wp-content\/uploads\/2019\/01\/ayuda-de-ofrecimiento-de-la-secretaria-\u00fatil-al-jefe-enfermo-en-la-oficina-89883714-300x200.jpg 300w, https:\/\/www.sistemaimpulsa.com\/blog\/wp-content\/uploads\/2019\/01\/ayuda-de-ofrecimiento-de-la-secretaria-\u00fatil-al-jefe-enfermo-en-la-oficina-89883714-768x513.jpg 768w, https:\/\/www.sistemaimpulsa.com\/blog\/wp-content\/uploads\/2019\/01\/ayuda-de-ofrecimiento-de-la-secretaria-\u00fatil-al-jefe-enfermo-en-la-oficina-89883714-696x465.jpg 696w, https:\/\/www.sistemaimpulsa.com\/blog\/wp-content\/uploads\/2019\/01\/ayuda-de-ofrecimiento-de-la-secretaria-\u00fatil-al-jefe-enfermo-en-la-oficina-89883714-629x420.jpg 629w, https:\/\/www.sistemaimpulsa.com\/blog\/wp-content\/uploads\/2019\/01\/ayuda-de-ofrecimiento-de-la-secretaria-\u00fatil-al-jefe-enfermo-en-la-oficina-89883714.jpg 800w\" sizes=\"auto, (max-width: 600px) 100vw, 600px\" \/><\/p>\n<h3>D\u00e9jese ver<\/h3>\n<p><strong>Camine siempre acompa\u00f1ado de su Tablet o de un bol\u00edgrafo y tome nota de cualquier preocupaci\u00f3n<\/strong>, comentario e idea. Una sugerencia de un jefe de equipo puede ser exactamente lo que necesita con el fin de evitar una situaci\u00f3n estresante. Y la ventaja es que ese l\u00edder del equipo tendr\u00e1 un mayor sentido de valor personal por haber sido tomado en cuenta.<\/p>\n<h3>Ap\u00f3yese en sus compa\u00f1eros de grupo<\/h3>\n<p>El papel del <strong>\u201cgran jefe\u201d<\/strong> puede aislarse del resto, y las conversaciones con otros directores ejecutivos pueden ayudarle a ganar una mayor perspectiva de su propio trabajo y, posiblemente, obtener otras ideas que puedan ayudarle a lidiar de manera m\u00e1s efectiva con los desaf\u00edos.<\/p>\n<h3>Escuche lo que otros dicen acerca de usted<\/h3>\n<p>Es muy f\u00e1cil ir a la defensiva, pero tenga cuidado cuando alguien que usted respeta reconoce un cambio negativo en su comportamiento.<\/p>\n<h3>T\u00f3mese tiempo para usted mismo, TODOS LOS D\u00cdAS<\/h3>\n<p>Alivie el estr\u00e9s a trav\u00e9s del ejercicio durante <strong>al menos 30 minutos,<\/strong> y quiz\u00e1s incluso obtenga forma para correr un peque\u00f1o marat\u00f3n.<\/p>\n<h3>Sea positivo<\/h3>\n<p>Tenga en cuenta que todo el mundo est\u00e1 mir\u00e1ndole a usted para motivarse e inspirarse, es su deber mantener a la gente que le <strong>rodea positiva<\/strong>.<\/p>\n<h3>Aprenda a desconectarse<\/h3>\n<p>Esta es una habilidad que tiene que ser aprendida y puesta en pr\u00e1ctica y en la que no debe existir negociaci\u00f3n posible.<\/p>\n<p>S\u00f3lo as\u00ed podr\u00e1 sobrellevar las necesidades de su puesto y los requerimientos de su vida personal.<strong> Recuerde que como la palabra lo indica, no es m\u00e1s que un empleo.<\/strong><\/p>\n","protected":false},"excerpt":{"rendered":"<p>Aun cuando el cuerpo humano es una m\u00e1quina perfecta.\u00a0Esta debe mantenerse a tono para que pueda operar con total efectividad y sin fallas. En la actualidad un buen funcionamiento de nuestro organismo, no es de gran importancia. Cada quien usa de forma abusiva las fuerzas y capacidades de su cuerpo. Sin tomar en consideraci\u00f3n que [&hellip;]<\/p>\n","protected":false},"author":5,"featured_media":1576,"comment_status":"closed","ping_status":"open","sticky":false,"template":"","format":"standard","meta":{"footnotes":""},"categories":[20,2914],"tags":[130,154],"class_list":["post-1574","post","type-post","status-publish","format-standard","has-post-thumbnail","hentry","category-negocios","category-funnel-tofu","tag-empresas","tag-jefes"],"yoast_head":"<!-- This site is optimized with the Yoast SEO plugin v27.5 - https:\/\/yoast.com\/product\/yoast-seo-wordpress\/ -->\n<title>Los jefes tambi\u00e9n se enferman - Impulsa blog<\/title>\n<meta name=\"description\" content=\"Casos cotidianos se presentan con el deterioro de la salud tanto de las organizaciones como de sus dirigentes, porque Los jefes tambi\u00e9n se enferman.\" \/>\n<meta name=\"robots\" content=\"index, follow, max-snippet:-1, max-image-preview:large, max-video-preview:-1\" \/>\n<link rel=\"canonical\" href=\"https:\/\/www.sistemaimpulsa.com\/blog\/los-jefes-tambien-se-enferman\/\" \/>\n<meta property=\"og:locale\" content=\"es_ES\" \/>\n<meta property=\"og:type\" content=\"article\" \/>\n<meta property=\"og:title\" content=\"Los jefes tambi\u00e9n se enferman - Impulsa blog\" \/>\n<meta property=\"og:description\" content=\"Casos cotidianos se presentan con el deterioro de la salud tanto de las organizaciones como de sus dirigentes, porque Los jefes tambi\u00e9n se enferman.\" \/>\n<meta property=\"og:url\" content=\"https:\/\/www.sistemaimpulsa.com\/blog\/los-jefes-tambien-se-enferman\/\" \/>\n<meta property=\"og:site_name\" content=\"Blog de Ventas y Digitalizaci\u00f3n - Impulsa\" \/>\n<meta property=\"article:published_time\" content=\"2019-01-18T01:11:40+00:00\" \/>\n<meta property=\"article:modified_time\" content=\"2026-05-02T04:44:17+00:00\" \/>\n<meta property=\"og:image\" content=\"https:\/\/www.sistemaimpulsa.com\/blog\/wp-content\/uploads\/2019\/01\/450785.jpg\" \/>\n\t<meta property=\"og:image:width\" content=\"630\" \/>\n\t<meta property=\"og:image:height\" content=\"460\" \/>\n\t<meta property=\"og:image:type\" content=\"image\/jpeg\" \/>\n<meta name=\"author\" content=\"German\" \/>\n<meta name=\"twitter:card\" content=\"summary_large_image\" \/>\n<meta name=\"twitter:label1\" content=\"Escrito por\" \/>\n\t<meta name=\"twitter:data1\" content=\"German\" \/>\n\t<meta name=\"twitter:label2\" content=\"Tiempo de lectura\" \/>\n\t<meta name=\"twitter:data2\" content=\"6 minutos\" \/>\n<script type=\"application\/ld+json\" class=\"yoast-schema-graph\">{\"@context\":\"https:\\\/\\\/schema.org\",\"@graph\":[{\"@type\":\"Article\",\"@id\":\"https:\\\/\\\/www.sistemaimpulsa.com\\\/blog\\\/los-jefes-tambien-se-enferman\\\/#article\",\"isPartOf\":{\"@id\":\"https:\\\/\\\/www.sistemaimpulsa.com\\\/blog\\\/los-jefes-tambien-se-enferman\\\/\"},\"author\":{\"name\":\"German\",\"@id\":\"https:\\\/\\\/www.sistemaimpulsa.com\\\/blog\\\/#\\\/schema\\\/person\\\/77061eb0328c10b0791fc8e9b3026246\"},\"headline\":\"Los jefes tambi\u00e9n se enferman\",\"datePublished\":\"2019-01-18T01:11:40+00:00\",\"dateModified\":\"2026-05-02T04:44:17+00:00\",\"mainEntityOfPage\":{\"@id\":\"https:\\\/\\\/www.sistemaimpulsa.com\\\/blog\\\/los-jefes-tambien-se-enferman\\\/\"},\"wordCount\":1162,\"image\":{\"@id\":\"https:\\\/\\\/www.sistemaimpulsa.com\\\/blog\\\/los-jefes-tambien-se-enferman\\\/#primaryimage\"},\"thumbnailUrl\":\"https:\\\/\\\/www.sistemaimpulsa.com\\\/blog\\\/wp-content\\\/uploads\\\/2019\\\/01\\\/450785.jpg\",\"keywords\":[\"empresas\",\"jefes\"],\"articleSection\":[\"Negocios\",\"TOFU\"],\"inLanguage\":\"es\"},{\"@type\":\"WebPage\",\"@id\":\"https:\\\/\\\/www.sistemaimpulsa.com\\\/blog\\\/los-jefes-tambien-se-enferman\\\/\",\"url\":\"https:\\\/\\\/www.sistemaimpulsa.com\\\/blog\\\/los-jefes-tambien-se-enferman\\\/\",\"name\":\"Los jefes tambi\u00e9n se enferman - Impulsa blog\",\"isPartOf\":{\"@id\":\"https:\\\/\\\/www.sistemaimpulsa.com\\\/blog\\\/#website\"},\"primaryImageOfPage\":{\"@id\":\"https:\\\/\\\/www.sistemaimpulsa.com\\\/blog\\\/los-jefes-tambien-se-enferman\\\/#primaryimage\"},\"image\":{\"@id\":\"https:\\\/\\\/www.sistemaimpulsa.com\\\/blog\\\/los-jefes-tambien-se-enferman\\\/#primaryimage\"},\"thumbnailUrl\":\"https:\\\/\\\/www.sistemaimpulsa.com\\\/blog\\\/wp-content\\\/uploads\\\/2019\\\/01\\\/450785.jpg\",\"datePublished\":\"2019-01-18T01:11:40+00:00\",\"dateModified\":\"2026-05-02T04:44:17+00:00\",\"author\":{\"@id\":\"https:\\\/\\\/www.sistemaimpulsa.com\\\/blog\\\/#\\\/schema\\\/person\\\/77061eb0328c10b0791fc8e9b3026246\"},\"description\":\"Casos cotidianos se presentan con el deterioro de la salud tanto de las organizaciones como de sus dirigentes, porque Los jefes tambi\u00e9n se enferman.\",\"breadcrumb\":{\"@id\":\"https:\\\/\\\/www.sistemaimpulsa.com\\\/blog\\\/los-jefes-tambien-se-enferman\\\/#breadcrumb\"},\"inLanguage\":\"es\",\"potentialAction\":[{\"@type\":\"ReadAction\",\"target\":[\"https:\\\/\\\/www.sistemaimpulsa.com\\\/blog\\\/los-jefes-tambien-se-enferman\\\/\"]}]},{\"@type\":\"ImageObject\",\"inLanguage\":\"es\",\"@id\":\"https:\\\/\\\/www.sistemaimpulsa.com\\\/blog\\\/los-jefes-tambien-se-enferman\\\/#primaryimage\",\"url\":\"https:\\\/\\\/www.sistemaimpulsa.com\\\/blog\\\/wp-content\\\/uploads\\\/2019\\\/01\\\/450785.jpg\",\"contentUrl\":\"https:\\\/\\\/www.sistemaimpulsa.com\\\/blog\\\/wp-content\\\/uploads\\\/2019\\\/01\\\/450785.jpg\",\"width\":630,\"height\":460,\"caption\":\"jefes\"},{\"@type\":\"BreadcrumbList\",\"@id\":\"https:\\\/\\\/www.sistemaimpulsa.com\\\/blog\\\/los-jefes-tambien-se-enferman\\\/#breadcrumb\",\"itemListElement\":[{\"@type\":\"ListItem\",\"position\":1,\"name\":\"Portada\",\"item\":\"https:\\\/\\\/www.sistemaimpulsa.com\\\/blog\\\/\"},{\"@type\":\"ListItem\",\"position\":2,\"name\":\"Los jefes tambi\u00e9n se enferman\"}]},{\"@type\":\"WebSite\",\"@id\":\"https:\\\/\\\/www.sistemaimpulsa.com\\\/blog\\\/#website\",\"url\":\"https:\\\/\\\/www.sistemaimpulsa.com\\\/blog\\\/\",\"name\":\"Blog de Ventas y Digitalizaci\u00f3n - Impulsa\",\"description\":\"Blog dedicado a ayudar a emprendedores, pymes y empresas sobre ventas y digitalizaci\u00f3n, explicando en simple los contenidos complejos.\",\"potentialAction\":[{\"@type\":\"SearchAction\",\"target\":{\"@type\":\"EntryPoint\",\"urlTemplate\":\"https:\\\/\\\/www.sistemaimpulsa.com\\\/blog\\\/?s={search_term_string}\"},\"query-input\":{\"@type\":\"PropertyValueSpecification\",\"valueRequired\":true,\"valueName\":\"search_term_string\"}}],\"inLanguage\":\"es\"},{\"@type\":\"Person\",\"@id\":\"https:\\\/\\\/www.sistemaimpulsa.com\\\/blog\\\/#\\\/schema\\\/person\\\/77061eb0328c10b0791fc8e9b3026246\",\"name\":\"German\",\"image\":{\"@type\":\"ImageObject\",\"inLanguage\":\"es\",\"@id\":\"https:\\\/\\\/secure.gravatar.com\\\/avatar\\\/f00c033b51dd92dcfad5bfed9974005c3464b2ba96e2c30309474f252c5154f1?s=96&d=mm&r=g\",\"url\":\"https:\\\/\\\/secure.gravatar.com\\\/avatar\\\/f00c033b51dd92dcfad5bfed9974005c3464b2ba96e2c30309474f252c5154f1?s=96&d=mm&r=g\",\"contentUrl\":\"https:\\\/\\\/secure.gravatar.com\\\/avatar\\\/f00c033b51dd92dcfad5bfed9974005c3464b2ba96e2c30309474f252c5154f1?s=96&d=mm&r=g\",\"caption\":\"German\"},\"url\":\"https:\\\/\\\/www.sistemaimpulsa.com\\\/blog\\\/author\\\/german\\\/\"}]}<\/script>\n<!-- \/ Yoast SEO plugin. -->","yoast_head_json":{"title":"Los jefes tambi\u00e9n se enferman - Impulsa blog","description":"Casos cotidianos se presentan con el deterioro de la salud tanto de las organizaciones como de sus dirigentes, porque Los jefes tambi\u00e9n se enferman.","robots":{"index":"index","follow":"follow","max-snippet":"max-snippet:-1","max-image-preview":"max-image-preview:large","max-video-preview":"max-video-preview:-1"},"canonical":"https:\/\/www.sistemaimpulsa.com\/blog\/los-jefes-tambien-se-enferman\/","og_locale":"es_ES","og_type":"article","og_title":"Los jefes tambi\u00e9n se enferman - Impulsa blog","og_description":"Casos cotidianos se presentan con el deterioro de la salud tanto de las organizaciones como de sus dirigentes, porque Los jefes tambi\u00e9n se enferman.","og_url":"https:\/\/www.sistemaimpulsa.com\/blog\/los-jefes-tambien-se-enferman\/","og_site_name":"Blog de Ventas y Digitalizaci\u00f3n - Impulsa","article_published_time":"2019-01-18T01:11:40+00:00","article_modified_time":"2026-05-02T04:44:17+00:00","og_image":[{"width":630,"height":460,"url":"https:\/\/www.sistemaimpulsa.com\/blog\/wp-content\/uploads\/2019\/01\/450785.jpg","type":"image\/jpeg"}],"author":"German","twitter_card":"summary_large_image","twitter_misc":{"Escrito por":"German","Tiempo de lectura":"6 minutos"},"schema":{"@context":"https:\/\/schema.org","@graph":[{"@type":"Article","@id":"https:\/\/www.sistemaimpulsa.com\/blog\/los-jefes-tambien-se-enferman\/#article","isPartOf":{"@id":"https:\/\/www.sistemaimpulsa.com\/blog\/los-jefes-tambien-se-enferman\/"},"author":{"name":"German","@id":"https:\/\/www.sistemaimpulsa.com\/blog\/#\/schema\/person\/77061eb0328c10b0791fc8e9b3026246"},"headline":"Los jefes tambi\u00e9n se enferman","datePublished":"2019-01-18T01:11:40+00:00","dateModified":"2026-05-02T04:44:17+00:00","mainEntityOfPage":{"@id":"https:\/\/www.sistemaimpulsa.com\/blog\/los-jefes-tambien-se-enferman\/"},"wordCount":1162,"image":{"@id":"https:\/\/www.sistemaimpulsa.com\/blog\/los-jefes-tambien-se-enferman\/#primaryimage"},"thumbnailUrl":"https:\/\/www.sistemaimpulsa.com\/blog\/wp-content\/uploads\/2019\/01\/450785.jpg","keywords":["empresas","jefes"],"articleSection":["Negocios","TOFU"],"inLanguage":"es"},{"@type":"WebPage","@id":"https:\/\/www.sistemaimpulsa.com\/blog\/los-jefes-tambien-se-enferman\/","url":"https:\/\/www.sistemaimpulsa.com\/blog\/los-jefes-tambien-se-enferman\/","name":"Los jefes tambi\u00e9n se enferman - Impulsa blog","isPartOf":{"@id":"https:\/\/www.sistemaimpulsa.com\/blog\/#website"},"primaryImageOfPage":{"@id":"https:\/\/www.sistemaimpulsa.com\/blog\/los-jefes-tambien-se-enferman\/#primaryimage"},"image":{"@id":"https:\/\/www.sistemaimpulsa.com\/blog\/los-jefes-tambien-se-enferman\/#primaryimage"},"thumbnailUrl":"https:\/\/www.sistemaimpulsa.com\/blog\/wp-content\/uploads\/2019\/01\/450785.jpg","datePublished":"2019-01-18T01:11:40+00:00","dateModified":"2026-05-02T04:44:17+00:00","author":{"@id":"https:\/\/www.sistemaimpulsa.com\/blog\/#\/schema\/person\/77061eb0328c10b0791fc8e9b3026246"},"description":"Casos cotidianos se presentan con el deterioro de la salud tanto de las organizaciones como de sus dirigentes, porque Los jefes tambi\u00e9n se enferman.","breadcrumb":{"@id":"https:\/\/www.sistemaimpulsa.com\/blog\/los-jefes-tambien-se-enferman\/#breadcrumb"},"inLanguage":"es","potentialAction":[{"@type":"ReadAction","target":["https:\/\/www.sistemaimpulsa.com\/blog\/los-jefes-tambien-se-enferman\/"]}]},{"@type":"ImageObject","inLanguage":"es","@id":"https:\/\/www.sistemaimpulsa.com\/blog\/los-jefes-tambien-se-enferman\/#primaryimage","url":"https:\/\/www.sistemaimpulsa.com\/blog\/wp-content\/uploads\/2019\/01\/450785.jpg","contentUrl":"https:\/\/www.sistemaimpulsa.com\/blog\/wp-content\/uploads\/2019\/01\/450785.jpg","width":630,"height":460,"caption":"jefes"},{"@type":"BreadcrumbList","@id":"https:\/\/www.sistemaimpulsa.com\/blog\/los-jefes-tambien-se-enferman\/#breadcrumb","itemListElement":[{"@type":"ListItem","position":1,"name":"Portada","item":"https:\/\/www.sistemaimpulsa.com\/blog\/"},{"@type":"ListItem","position":2,"name":"Los jefes tambi\u00e9n se enferman"}]},{"@type":"WebSite","@id":"https:\/\/www.sistemaimpulsa.com\/blog\/#website","url":"https:\/\/www.sistemaimpulsa.com\/blog\/","name":"Blog de Ventas y Digitalizaci\u00f3n - Impulsa","description":"Blog dedicado a ayudar a emprendedores, pymes y empresas sobre ventas y digitalizaci\u00f3n, explicando en simple los contenidos complejos.","potentialAction":[{"@type":"SearchAction","target":{"@type":"EntryPoint","urlTemplate":"https:\/\/www.sistemaimpulsa.com\/blog\/?s={search_term_string}"},"query-input":{"@type":"PropertyValueSpecification","valueRequired":true,"valueName":"search_term_string"}}],"inLanguage":"es"},{"@type":"Person","@id":"https:\/\/www.sistemaimpulsa.com\/blog\/#\/schema\/person\/77061eb0328c10b0791fc8e9b3026246","name":"German","image":{"@type":"ImageObject","inLanguage":"es","@id":"https:\/\/secure.gravatar.com\/avatar\/f00c033b51dd92dcfad5bfed9974005c3464b2ba96e2c30309474f252c5154f1?s=96&d=mm&r=g","url":"https:\/\/secure.gravatar.com\/avatar\/f00c033b51dd92dcfad5bfed9974005c3464b2ba96e2c30309474f252c5154f1?s=96&d=mm&r=g","contentUrl":"https:\/\/secure.gravatar.com\/avatar\/f00c033b51dd92dcfad5bfed9974005c3464b2ba96e2c30309474f252c5154f1?s=96&d=mm&r=g","caption":"German"},"url":"https:\/\/www.sistemaimpulsa.com\/blog\/author\/german\/"}]}},"_links":{"self":[{"href":"https:\/\/www.sistemaimpulsa.com\/blog\/wp-json\/wp\/v2\/posts\/1574","targetHints":{"allow":["GET"]}}],"collection":[{"href":"https:\/\/www.sistemaimpulsa.com\/blog\/wp-json\/wp\/v2\/posts"}],"about":[{"href":"https:\/\/www.sistemaimpulsa.com\/blog\/wp-json\/wp\/v2\/types\/post"}],"author":[{"embeddable":true,"href":"https:\/\/www.sistemaimpulsa.com\/blog\/wp-json\/wp\/v2\/users\/5"}],"replies":[{"embeddable":true,"href":"https:\/\/www.sistemaimpulsa.com\/blog\/wp-json\/wp\/v2\/comments?post=1574"}],"version-history":[{"count":1,"href":"https:\/\/www.sistemaimpulsa.com\/blog\/wp-json\/wp\/v2\/posts\/1574\/revisions"}],"predecessor-version":[{"id":1579,"href":"https:\/\/www.sistemaimpulsa.com\/blog\/wp-json\/wp\/v2\/posts\/1574\/revisions\/1579"}],"wp:featuredmedia":[{"embeddable":true,"href":"https:\/\/www.sistemaimpulsa.com\/blog\/wp-json\/wp\/v2\/media\/1576"}],"wp:attachment":[{"href":"https:\/\/www.sistemaimpulsa.com\/blog\/wp-json\/wp\/v2\/media?parent=1574"}],"wp:term":[{"taxonomy":"category","embeddable":true,"href":"https:\/\/www.sistemaimpulsa.com\/blog\/wp-json\/wp\/v2\/categories?post=1574"},{"taxonomy":"post_tag","embeddable":true,"href":"https:\/\/www.sistemaimpulsa.com\/blog\/wp-json\/wp\/v2\/tags?post=1574"}],"curies":[{"name":"wp","href":"https:\/\/api.w.org\/{rel}","templated":true}]}}