{"id":1798,"date":"2019-02-12T12:21:54","date_gmt":"2019-02-12T12:21:54","guid":{"rendered":"https:\/\/www.sistemaimpulsa.com\/blog\/?p=1798"},"modified":"2026-05-03T01:03:03","modified_gmt":"2026-05-03T01:03:03","slug":"la-gerencia-empresarial-y-los-sucesores","status":"publish","type":"post","link":"https:\/\/www.sistemaimpulsa.com\/blog\/la-gerencia-empresarial-y-los-sucesores\/","title":{"rendered":"La gerencia empresarial y los sucesores"},"content":{"rendered":"<p>La <strong>organizaci\u00f3n<\/strong> como un todo, gira en torno a sus <strong>gestiones<\/strong> que hacen prevalecer la misma en el <strong>tiempo<\/strong>. As\u00ed como tambi\u00e9n la <strong>gesti\u00f3n y generaci\u00f3n de l\u00edder altamente efectivos<\/strong> que asuman las <strong>responsabilidades de continuar<\/strong>. Con el proyecto en los momentos indicados o que se requiera su participaci\u00f3n. <strong>Actualmente la gerencia empresarial y los sucesores, <\/strong>son un tema que no est\u00e1 sobre el tapete de una forma <strong>prioritaria<\/strong>.<\/p>\n<p>Las <strong>prioridades actuales<\/strong> no se inclinar a reconocer posibles <strong>competidores que recibir\u00e1n el testigo para seguir con la labor<\/strong>. No, actualmente las metas se fijan en lograr <strong>objetivos tangibles<\/strong> que consoliden el <strong>\u00e9xito<\/strong> del proyecto en el tiempo. Dejando de lado cualquier otra decisi\u00f3n que pueda ser considerada <strong>superflua<\/strong>.<\/p>\n<p>Es ac\u00e1 donde podemos asumir que <strong>radica un problema<\/strong> que ha sido dejado de lado, sin darle la <strong>importancia que amerita<\/strong>. La proyecci\u00f3n de nuevos <b>l\u00edderes<\/b>\u00a0es de relativa importancia, el conocer el posible o las posibles opciones. Para seguir con un compromiso <strong>empresarial<\/strong>, facilitar\u00e1 de primera mano <strong>flexibilizar<\/strong> paulatinamente el proceso de cambio en el <strong>personal.<\/strong> Es decir, la <strong>transici\u00f3n<\/strong> permitir\u00e1 un proceso progresivo en la <b>psique<\/b>\u00a0del <strong>personal<\/strong>. Que llevar\u00e1 a la aceptaci\u00f3n m\u00e1s fluida del pr\u00f3ximo <strong>sucesor<\/strong>.<\/p>\n<h2>La importancia de los puestos empresariales<\/h2>\n<p><img loading=\"lazy\" decoding=\"async\" class=\"aligncenter wp-image-1801\" src=\"https:\/\/www.sistemaimpulsa.com\/blog\/wp-content\/uploads\/2019\/02\/tec-gestion-de-negocios_0-300x199.jpg\" alt=\"gerencia empresarial\" width=\"600\" height=\"397\" srcset=\"https:\/\/www.sistemaimpulsa.com\/blog\/wp-content\/uploads\/2019\/02\/tec-gestion-de-negocios_0-300x199.jpg 300w, https:\/\/www.sistemaimpulsa.com\/blog\/wp-content\/uploads\/2019\/02\/tec-gestion-de-negocios_0-696x461.jpg 696w, https:\/\/www.sistemaimpulsa.com\/blog\/wp-content\/uploads\/2019\/02\/tec-gestion-de-negocios_0.jpg 734w, https:\/\/www.sistemaimpulsa.com\/blog\/wp-content\/uploads\/2019\/02\/tec-gestion-de-negocios_0-634x420.jpg 634w\" sizes=\"auto, (max-width: 600px) 100vw, 600px\" \/><\/p>\n<p>Una <strong>organizaci\u00f3n<\/strong> est\u00e1 compuesta por diferentes piezas que se unen para darle forma, como en un <strong>rompecabezas<\/strong>. Aunque todas las piezas son importantes y se necesitan para que la figura est\u00e9 completa y firme, existen algunas que son <strong>clave<\/strong> porque se convierten en centros que unen y les dan <strong>coherencia<\/strong> a muchas otras. Por tanto, la falta de estas piezas ser\u00eda fatal para conservar la forma de la figura completa.<\/p>\n<p>As\u00ed pasa en las <strong>empresas<\/strong>, en donde algunos de los <strong>empleados<\/strong> ocupan posiciones clave que no pueden permanecer vac\u00edas. Si alguno de estos <strong>trabajadores<\/strong> abandona la <strong>organizaci\u00f3n<\/strong>, deben por tanto existir planes que permitan <strong>sustituirlos en el momento apropiado<\/strong>, con personas <strong>id\u00f3neas para el puesto. <\/strong><\/p>\n<h2>No es momento de sucesores<\/h2>\n<p><img loading=\"lazy\" decoding=\"async\" class=\"aligncenter wp-image-1800\" src=\"https:\/\/www.sistemaimpulsa.com\/blog\/wp-content\/uploads\/2019\/02\/mba_portada1-300x199.jpg\" alt=\"gerencia empresarial\" width=\"600\" height=\"397\" srcset=\"https:\/\/www.sistemaimpulsa.com\/blog\/wp-content\/uploads\/2019\/02\/mba_portada1-300x199.jpg 300w, https:\/\/www.sistemaimpulsa.com\/blog\/wp-content\/uploads\/2019\/02\/mba_portada1-696x461.jpg 696w, https:\/\/www.sistemaimpulsa.com\/blog\/wp-content\/uploads\/2019\/02\/mba_portada1.jpg 734w, https:\/\/www.sistemaimpulsa.com\/blog\/wp-content\/uploads\/2019\/02\/mba_portada1-634x420.jpg 634w\" sizes=\"auto, (max-width: 600px) 100vw, 600px\" \/><\/p>\n<p>Si bien podemos asumir que los planes previos ya predispuestos a realizarse. Pueden ser contraproducentes a la <strong><a href=\"https:\/\/www.sistemaimpulsa.com\/blog\/gestion-empresarial-su-importancia-para-la-toma-de-decisiones-efectiva\/\">gesti\u00f3n empresarial<\/a><\/strong> deseada. Es inevitable pensar, cuales ser\u00edan los riesgos que ocasiona ausencia prematura de un <strong>l\u00edder sin el conocimiento previo del sucesor<\/strong>. Se podr\u00eda afrontar un escenario en el que <strong>la inestabilidad<\/strong> y <strong>el vac\u00edo de poder generar\u00eda la toma de decisiones errada y con esto un resultado catastr\u00f3fico. Que derivar\u00eda en el descalabro de la integridad empresarial. <\/strong><\/p>\n<p>El hecho de no contar con un plan de sucesi\u00f3n para un <strong>cargo<\/strong> importante es especialmente peligroso para una <strong>organizaci\u00f3n<\/strong>. Gran parte de los <strong>vicepresidentes<\/strong> afirman no tener ning\u00fan <strong>sucesor<\/strong> para reemplazarlos, una vez que \u00e9stos abandonen su <strong>puesto de trabajo actual<\/strong>, por cualquiera que se la causa.<\/p>\n<p>Resulta m\u00e1s alarmante, que muchas <strong>compa\u00f1\u00edas<\/strong> son conscientes del da\u00f1o que la falta de <strong>planificaci\u00f3n<\/strong> <strong>de sucesi\u00f3n<\/strong> puede hacerles y. Aun as\u00ed, las cifras demuestran que no se han tomado las medidas necesarias para corregir la situaci\u00f3n. Lo cual afecta negativamente en la parte <strong>financiera debido a una planificaci\u00f3n de sucesi\u00f3n demasiado d\u00e9bil o a la falta de \u00e9sta. <\/strong><\/p>\n<p>Seg\u00fan opiniones de los expertos podemos citar textualmente lo manifestado por el estudio del profesor. Jamie Womack, vicepresidente de capacitaci\u00f3n en mercadeo corporativo y ventas de CareerBuilder: <strong>\u201cA medida que la econom\u00eda mejora, es importante que las organizaciones hagan planes de manera proactiva para el futuro de sus negocios. Tener un plan sobre qui\u00e9n reemplazar\u00e1 la parte administrativa en todos sus niveles es una faceta cr\u00edtica de la estrategia global, ya que asegura que la organizaci\u00f3n ser\u00e1 capaz de hacer frente a los retos del futuro y de competir en la industria\u201d.<\/strong><\/p>\n<h2>Primero la estabilidad de la empresa<\/h2>\n<p>Si bien es cierto que <strong>la consolidaci\u00f3n<\/strong> de un <strong>proyecto empresarial<\/strong> amerita toda la atenci\u00f3n. Tambi\u00e9n se debe considerar como parte la <strong>organizaci\u00f3n y planificaci\u00f3n empresarial las decisiones de esta \u00edndole gerencial de alto nivel. <\/strong><\/p>\n<p>El acelerado ritmo de consecuci\u00f3n de los eventos <strong>econ\u00f3micos<\/strong> a nivel <strong>mundial.<\/strong> Nos deja a simple vista el <strong>ritmo<\/strong> bajo el cual debe funcionar cualquier <strong>estructura empresarial<\/strong> actual. Por lo tanto, lo cambios suceden de <strong>manera imprevista e imperativa en la organizaci\u00f3n<\/strong>. Y estos deben ser asumidos de la manera m\u00e1s <strong>expedita posible<\/strong>. Sin dudas ni alargamientos en el tiempo. Recordemos que la <strong>empresa y su crecimiento no da tregua<\/strong>.<\/p>\n<p>Adem\u00e1s de mencionar algunos de los elementos que les faltan a los <strong>planes de sucesi\u00f3n<\/strong> de sus <strong>compa\u00f1\u00edas<\/strong>, los <strong>directivos<\/strong> mencionan la crisis como un evento que ha dificultado mucho la <strong>efectividad<\/strong> de cualquier programa de <strong>planificaci\u00f3n de sucesi\u00f3n<\/strong>.<\/p>\n<p>Como afirma Womack, ahora que la econom\u00eda est\u00e1 mejorando es hora de que las empresas y sus directivos se pongan manos a la obra para edificar y fortalecer sus programas de planificaci\u00f3n de sucesi\u00f3n de manera que puedan enfrentarse a tiempos dif\u00edciles futuros y permanecer competitivos.<\/p>\n","protected":false},"excerpt":{"rendered":"<p>La organizaci\u00f3n como un todo, gira en torno a sus gestiones que hacen prevalecer la misma en el tiempo. As\u00ed como tambi\u00e9n la gesti\u00f3n y generaci\u00f3n de l\u00edder altamente efectivos que asuman las responsabilidades de continuar. Con el proyecto en los momentos indicados o que se requiera su participaci\u00f3n. Actualmente la gerencia empresarial y los [&hellip;]<\/p>\n","protected":false},"author":5,"featured_media":1799,"comment_status":"closed","ping_status":"open","sticky":false,"template":"","format":"standard","meta":{"footnotes":""},"categories":[20,2914],"tags":[130,173],"class_list":["post-1798","post","type-post","status-publish","format-standard","has-post-thumbnail","hentry","category-negocios","category-funnel-tofu","tag-empresas","tag-gerencia"],"yoast_head":"<!-- This site is optimized with the Yoast SEO plugin v27.5 - https:\/\/yoast.com\/product\/yoast-seo-wordpress\/ -->\n<title>La gerencia empresarial y los sucesores - Impulsa blog<\/title>\n<meta name=\"description\" content=\"Actualmente la gerencia empresarial y los sucesores, son un tema que no esta sobre el tapete de una forma prioritaria\" \/>\n<meta name=\"robots\" content=\"index, follow, max-snippet:-1, max-image-preview:large, max-video-preview:-1\" \/>\n<link rel=\"canonical\" href=\"https:\/\/www.sistemaimpulsa.com\/blog\/la-gerencia-empresarial-y-los-sucesores\/\" \/>\n<meta property=\"og:locale\" content=\"es_ES\" \/>\n<meta property=\"og:type\" content=\"article\" \/>\n<meta property=\"og:title\" content=\"La gerencia empresarial y los sucesores - Impulsa blog\" \/>\n<meta property=\"og:description\" content=\"Actualmente la gerencia empresarial y los sucesores, son un tema que no esta sobre el tapete de una forma prioritaria\" \/>\n<meta property=\"og:url\" content=\"https:\/\/www.sistemaimpulsa.com\/blog\/la-gerencia-empresarial-y-los-sucesores\/\" \/>\n<meta property=\"og:site_name\" content=\"Blog de Ventas y Digitalizaci\u00f3n - Impulsa\" \/>\n<meta property=\"article:published_time\" content=\"2019-02-12T12:21:54+00:00\" \/>\n<meta property=\"article:modified_time\" content=\"2026-05-03T01:03:03+00:00\" \/>\n<meta property=\"og:image\" content=\"https:\/\/www.sistemaimpulsa.com\/blog\/wp-content\/uploads\/2019\/02\/img-ma-fmatalaga-ge-260118.jpg\" \/>\n\t<meta property=\"og:image:width\" content=\"800\" \/>\n\t<meta property=\"og:image:height\" content=\"445\" \/>\n\t<meta property=\"og:image:type\" content=\"image\/jpeg\" \/>\n<meta name=\"author\" content=\"German\" \/>\n<meta name=\"twitter:card\" content=\"summary_large_image\" \/>\n<meta name=\"twitter:label1\" content=\"Escrito por\" \/>\n\t<meta name=\"twitter:data1\" content=\"German\" \/>\n\t<meta name=\"twitter:label2\" content=\"Tiempo de lectura\" \/>\n\t<meta name=\"twitter:data2\" content=\"4 minutos\" \/>\n<script type=\"application\/ld+json\" class=\"yoast-schema-graph\">{\"@context\":\"https:\\\/\\\/schema.org\",\"@graph\":[{\"@type\":\"Article\",\"@id\":\"https:\\\/\\\/www.sistemaimpulsa.com\\\/blog\\\/la-gerencia-empresarial-y-los-sucesores\\\/#article\",\"isPartOf\":{\"@id\":\"https:\\\/\\\/www.sistemaimpulsa.com\\\/blog\\\/la-gerencia-empresarial-y-los-sucesores\\\/\"},\"author\":{\"name\":\"German\",\"@id\":\"https:\\\/\\\/www.sistemaimpulsa.com\\\/blog\\\/#\\\/schema\\\/person\\\/77061eb0328c10b0791fc8e9b3026246\"},\"headline\":\"La gerencia empresarial y los sucesores\",\"datePublished\":\"2019-02-12T12:21:54+00:00\",\"dateModified\":\"2026-05-03T01:03:03+00:00\",\"mainEntityOfPage\":{\"@id\":\"https:\\\/\\\/www.sistemaimpulsa.com\\\/blog\\\/la-gerencia-empresarial-y-los-sucesores\\\/\"},\"wordCount\":864,\"image\":{\"@id\":\"https:\\\/\\\/www.sistemaimpulsa.com\\\/blog\\\/la-gerencia-empresarial-y-los-sucesores\\\/#primaryimage\"},\"thumbnailUrl\":\"https:\\\/\\\/www.sistemaimpulsa.com\\\/blog\\\/wp-content\\\/uploads\\\/2019\\\/02\\\/img-ma-fmatalaga-ge-260118.jpg\",\"keywords\":[\"empresas\",\"gerencia\"],\"articleSection\":[\"Negocios\",\"TOFU\"],\"inLanguage\":\"es\"},{\"@type\":\"WebPage\",\"@id\":\"https:\\\/\\\/www.sistemaimpulsa.com\\\/blog\\\/la-gerencia-empresarial-y-los-sucesores\\\/\",\"url\":\"https:\\\/\\\/www.sistemaimpulsa.com\\\/blog\\\/la-gerencia-empresarial-y-los-sucesores\\\/\",\"name\":\"La gerencia empresarial y los sucesores - Impulsa blog\",\"isPartOf\":{\"@id\":\"https:\\\/\\\/www.sistemaimpulsa.com\\\/blog\\\/#website\"},\"primaryImageOfPage\":{\"@id\":\"https:\\\/\\\/www.sistemaimpulsa.com\\\/blog\\\/la-gerencia-empresarial-y-los-sucesores\\\/#primaryimage\"},\"image\":{\"@id\":\"https:\\\/\\\/www.sistemaimpulsa.com\\\/blog\\\/la-gerencia-empresarial-y-los-sucesores\\\/#primaryimage\"},\"thumbnailUrl\":\"https:\\\/\\\/www.sistemaimpulsa.com\\\/blog\\\/wp-content\\\/uploads\\\/2019\\\/02\\\/img-ma-fmatalaga-ge-260118.jpg\",\"datePublished\":\"2019-02-12T12:21:54+00:00\",\"dateModified\":\"2026-05-03T01:03:03+00:00\",\"author\":{\"@id\":\"https:\\\/\\\/www.sistemaimpulsa.com\\\/blog\\\/#\\\/schema\\\/person\\\/77061eb0328c10b0791fc8e9b3026246\"},\"description\":\"Actualmente la gerencia empresarial y los sucesores, son un tema que no esta sobre el tapete de una forma prioritaria\",\"breadcrumb\":{\"@id\":\"https:\\\/\\\/www.sistemaimpulsa.com\\\/blog\\\/la-gerencia-empresarial-y-los-sucesores\\\/#breadcrumb\"},\"inLanguage\":\"es\",\"potentialAction\":[{\"@type\":\"ReadAction\",\"target\":[\"https:\\\/\\\/www.sistemaimpulsa.com\\\/blog\\\/la-gerencia-empresarial-y-los-sucesores\\\/\"]}]},{\"@type\":\"ImageObject\",\"inLanguage\":\"es\",\"@id\":\"https:\\\/\\\/www.sistemaimpulsa.com\\\/blog\\\/la-gerencia-empresarial-y-los-sucesores\\\/#primaryimage\",\"url\":\"https:\\\/\\\/www.sistemaimpulsa.com\\\/blog\\\/wp-content\\\/uploads\\\/2019\\\/02\\\/img-ma-fmatalaga-ge-260118.jpg\",\"contentUrl\":\"https:\\\/\\\/www.sistemaimpulsa.com\\\/blog\\\/wp-content\\\/uploads\\\/2019\\\/02\\\/img-ma-fmatalaga-ge-260118.jpg\",\"width\":800,\"height\":445,\"caption\":\"gerencia empresarial\"},{\"@type\":\"BreadcrumbList\",\"@id\":\"https:\\\/\\\/www.sistemaimpulsa.com\\\/blog\\\/la-gerencia-empresarial-y-los-sucesores\\\/#breadcrumb\",\"itemListElement\":[{\"@type\":\"ListItem\",\"position\":1,\"name\":\"Portada\",\"item\":\"https:\\\/\\\/www.sistemaimpulsa.com\\\/blog\\\/\"},{\"@type\":\"ListItem\",\"position\":2,\"name\":\"La gerencia empresarial y los sucesores\"}]},{\"@type\":\"WebSite\",\"@id\":\"https:\\\/\\\/www.sistemaimpulsa.com\\\/blog\\\/#website\",\"url\":\"https:\\\/\\\/www.sistemaimpulsa.com\\\/blog\\\/\",\"name\":\"Blog de Ventas y Digitalizaci\u00f3n - Impulsa\",\"description\":\"Blog dedicado a ayudar a emprendedores, pymes y empresas sobre ventas y digitalizaci\u00f3n, explicando en simple los contenidos complejos.\",\"potentialAction\":[{\"@type\":\"SearchAction\",\"target\":{\"@type\":\"EntryPoint\",\"urlTemplate\":\"https:\\\/\\\/www.sistemaimpulsa.com\\\/blog\\\/?s={search_term_string}\"},\"query-input\":{\"@type\":\"PropertyValueSpecification\",\"valueRequired\":true,\"valueName\":\"search_term_string\"}}],\"inLanguage\":\"es\"},{\"@type\":\"Person\",\"@id\":\"https:\\\/\\\/www.sistemaimpulsa.com\\\/blog\\\/#\\\/schema\\\/person\\\/77061eb0328c10b0791fc8e9b3026246\",\"name\":\"German\",\"image\":{\"@type\":\"ImageObject\",\"inLanguage\":\"es\",\"@id\":\"https:\\\/\\\/secure.gravatar.com\\\/avatar\\\/f00c033b51dd92dcfad5bfed9974005c3464b2ba96e2c30309474f252c5154f1?s=96&d=mm&r=g\",\"url\":\"https:\\\/\\\/secure.gravatar.com\\\/avatar\\\/f00c033b51dd92dcfad5bfed9974005c3464b2ba96e2c30309474f252c5154f1?s=96&d=mm&r=g\",\"contentUrl\":\"https:\\\/\\\/secure.gravatar.com\\\/avatar\\\/f00c033b51dd92dcfad5bfed9974005c3464b2ba96e2c30309474f252c5154f1?s=96&d=mm&r=g\",\"caption\":\"German\"},\"url\":\"https:\\\/\\\/www.sistemaimpulsa.com\\\/blog\\\/author\\\/german\\\/\"}]}<\/script>\n<!-- \/ Yoast SEO plugin. -->","yoast_head_json":{"title":"La gerencia empresarial y los sucesores - Impulsa blog","description":"Actualmente la gerencia empresarial y los sucesores, son un tema que no esta sobre el tapete de una forma prioritaria","robots":{"index":"index","follow":"follow","max-snippet":"max-snippet:-1","max-image-preview":"max-image-preview:large","max-video-preview":"max-video-preview:-1"},"canonical":"https:\/\/www.sistemaimpulsa.com\/blog\/la-gerencia-empresarial-y-los-sucesores\/","og_locale":"es_ES","og_type":"article","og_title":"La gerencia empresarial y los sucesores - Impulsa blog","og_description":"Actualmente la gerencia empresarial y los sucesores, son un tema que no esta sobre el tapete de una forma prioritaria","og_url":"https:\/\/www.sistemaimpulsa.com\/blog\/la-gerencia-empresarial-y-los-sucesores\/","og_site_name":"Blog de Ventas y Digitalizaci\u00f3n - Impulsa","article_published_time":"2019-02-12T12:21:54+00:00","article_modified_time":"2026-05-03T01:03:03+00:00","og_image":[{"width":800,"height":445,"url":"https:\/\/www.sistemaimpulsa.com\/blog\/wp-content\/uploads\/2019\/02\/img-ma-fmatalaga-ge-260118.jpg","type":"image\/jpeg"}],"author":"German","twitter_card":"summary_large_image","twitter_misc":{"Escrito por":"German","Tiempo de lectura":"4 minutos"},"schema":{"@context":"https:\/\/schema.org","@graph":[{"@type":"Article","@id":"https:\/\/www.sistemaimpulsa.com\/blog\/la-gerencia-empresarial-y-los-sucesores\/#article","isPartOf":{"@id":"https:\/\/www.sistemaimpulsa.com\/blog\/la-gerencia-empresarial-y-los-sucesores\/"},"author":{"name":"German","@id":"https:\/\/www.sistemaimpulsa.com\/blog\/#\/schema\/person\/77061eb0328c10b0791fc8e9b3026246"},"headline":"La gerencia empresarial y los sucesores","datePublished":"2019-02-12T12:21:54+00:00","dateModified":"2026-05-03T01:03:03+00:00","mainEntityOfPage":{"@id":"https:\/\/www.sistemaimpulsa.com\/blog\/la-gerencia-empresarial-y-los-sucesores\/"},"wordCount":864,"image":{"@id":"https:\/\/www.sistemaimpulsa.com\/blog\/la-gerencia-empresarial-y-los-sucesores\/#primaryimage"},"thumbnailUrl":"https:\/\/www.sistemaimpulsa.com\/blog\/wp-content\/uploads\/2019\/02\/img-ma-fmatalaga-ge-260118.jpg","keywords":["empresas","gerencia"],"articleSection":["Negocios","TOFU"],"inLanguage":"es"},{"@type":"WebPage","@id":"https:\/\/www.sistemaimpulsa.com\/blog\/la-gerencia-empresarial-y-los-sucesores\/","url":"https:\/\/www.sistemaimpulsa.com\/blog\/la-gerencia-empresarial-y-los-sucesores\/","name":"La gerencia empresarial y los sucesores - Impulsa blog","isPartOf":{"@id":"https:\/\/www.sistemaimpulsa.com\/blog\/#website"},"primaryImageOfPage":{"@id":"https:\/\/www.sistemaimpulsa.com\/blog\/la-gerencia-empresarial-y-los-sucesores\/#primaryimage"},"image":{"@id":"https:\/\/www.sistemaimpulsa.com\/blog\/la-gerencia-empresarial-y-los-sucesores\/#primaryimage"},"thumbnailUrl":"https:\/\/www.sistemaimpulsa.com\/blog\/wp-content\/uploads\/2019\/02\/img-ma-fmatalaga-ge-260118.jpg","datePublished":"2019-02-12T12:21:54+00:00","dateModified":"2026-05-03T01:03:03+00:00","author":{"@id":"https:\/\/www.sistemaimpulsa.com\/blog\/#\/schema\/person\/77061eb0328c10b0791fc8e9b3026246"},"description":"Actualmente la gerencia empresarial y los sucesores, son un tema que no esta sobre el tapete de una forma prioritaria","breadcrumb":{"@id":"https:\/\/www.sistemaimpulsa.com\/blog\/la-gerencia-empresarial-y-los-sucesores\/#breadcrumb"},"inLanguage":"es","potentialAction":[{"@type":"ReadAction","target":["https:\/\/www.sistemaimpulsa.com\/blog\/la-gerencia-empresarial-y-los-sucesores\/"]}]},{"@type":"ImageObject","inLanguage":"es","@id":"https:\/\/www.sistemaimpulsa.com\/blog\/la-gerencia-empresarial-y-los-sucesores\/#primaryimage","url":"https:\/\/www.sistemaimpulsa.com\/blog\/wp-content\/uploads\/2019\/02\/img-ma-fmatalaga-ge-260118.jpg","contentUrl":"https:\/\/www.sistemaimpulsa.com\/blog\/wp-content\/uploads\/2019\/02\/img-ma-fmatalaga-ge-260118.jpg","width":800,"height":445,"caption":"gerencia empresarial"},{"@type":"BreadcrumbList","@id":"https:\/\/www.sistemaimpulsa.com\/blog\/la-gerencia-empresarial-y-los-sucesores\/#breadcrumb","itemListElement":[{"@type":"ListItem","position":1,"name":"Portada","item":"https:\/\/www.sistemaimpulsa.com\/blog\/"},{"@type":"ListItem","position":2,"name":"La gerencia empresarial y los sucesores"}]},{"@type":"WebSite","@id":"https:\/\/www.sistemaimpulsa.com\/blog\/#website","url":"https:\/\/www.sistemaimpulsa.com\/blog\/","name":"Blog de Ventas y Digitalizaci\u00f3n - Impulsa","description":"Blog dedicado a ayudar a emprendedores, pymes y empresas sobre ventas y digitalizaci\u00f3n, explicando en simple los contenidos complejos.","potentialAction":[{"@type":"SearchAction","target":{"@type":"EntryPoint","urlTemplate":"https:\/\/www.sistemaimpulsa.com\/blog\/?s={search_term_string}"},"query-input":{"@type":"PropertyValueSpecification","valueRequired":true,"valueName":"search_term_string"}}],"inLanguage":"es"},{"@type":"Person","@id":"https:\/\/www.sistemaimpulsa.com\/blog\/#\/schema\/person\/77061eb0328c10b0791fc8e9b3026246","name":"German","image":{"@type":"ImageObject","inLanguage":"es","@id":"https:\/\/secure.gravatar.com\/avatar\/f00c033b51dd92dcfad5bfed9974005c3464b2ba96e2c30309474f252c5154f1?s=96&d=mm&r=g","url":"https:\/\/secure.gravatar.com\/avatar\/f00c033b51dd92dcfad5bfed9974005c3464b2ba96e2c30309474f252c5154f1?s=96&d=mm&r=g","contentUrl":"https:\/\/secure.gravatar.com\/avatar\/f00c033b51dd92dcfad5bfed9974005c3464b2ba96e2c30309474f252c5154f1?s=96&d=mm&r=g","caption":"German"},"url":"https:\/\/www.sistemaimpulsa.com\/blog\/author\/german\/"}]}},"_links":{"self":[{"href":"https:\/\/www.sistemaimpulsa.com\/blog\/wp-json\/wp\/v2\/posts\/1798","targetHints":{"allow":["GET"]}}],"collection":[{"href":"https:\/\/www.sistemaimpulsa.com\/blog\/wp-json\/wp\/v2\/posts"}],"about":[{"href":"https:\/\/www.sistemaimpulsa.com\/blog\/wp-json\/wp\/v2\/types\/post"}],"author":[{"embeddable":true,"href":"https:\/\/www.sistemaimpulsa.com\/blog\/wp-json\/wp\/v2\/users\/5"}],"replies":[{"embeddable":true,"href":"https:\/\/www.sistemaimpulsa.com\/blog\/wp-json\/wp\/v2\/comments?post=1798"}],"version-history":[{"count":2,"href":"https:\/\/www.sistemaimpulsa.com\/blog\/wp-json\/wp\/v2\/posts\/1798\/revisions"}],"predecessor-version":[{"id":24140,"href":"https:\/\/www.sistemaimpulsa.com\/blog\/wp-json\/wp\/v2\/posts\/1798\/revisions\/24140"}],"wp:featuredmedia":[{"embeddable":true,"href":"https:\/\/www.sistemaimpulsa.com\/blog\/wp-json\/wp\/v2\/media\/1799"}],"wp:attachment":[{"href":"https:\/\/www.sistemaimpulsa.com\/blog\/wp-json\/wp\/v2\/media?parent=1798"}],"wp:term":[{"taxonomy":"category","embeddable":true,"href":"https:\/\/www.sistemaimpulsa.com\/blog\/wp-json\/wp\/v2\/categories?post=1798"},{"taxonomy":"post_tag","embeddable":true,"href":"https:\/\/www.sistemaimpulsa.com\/blog\/wp-json\/wp\/v2\/tags?post=1798"}],"curies":[{"name":"wp","href":"https:\/\/api.w.org\/{rel}","templated":true}]}}