{"id":1831,"date":"2019-02-13T12:56:24","date_gmt":"2019-02-13T12:56:24","guid":{"rendered":"https:\/\/www.sistemaimpulsa.com\/blog\/?p=1831"},"modified":"2026-05-02T20:38:52","modified_gmt":"2026-05-02T20:38:52","slug":"la-identidad-y-compromiso-empresarial-es-responsabilidad-de-los-lideres","status":"publish","type":"post","link":"https:\/\/www.sistemaimpulsa.com\/blog\/la-identidad-y-compromiso-empresarial-es-responsabilidad-de-los-lideres\/","title":{"rendered":"La identidad y compromiso empresarial, es responsabilidad de los l\u00edderes"},"content":{"rendered":"<p>El <strong>ambiente organizacional<\/strong> necesita siempre de diversos aspectos. Que acreciente su <strong>importancia<\/strong> y hagan sentir a sus <strong>integrantes<\/strong> como el <strong>pilar fundamental del desarrollo organizacional<\/strong>. La <strong>motivaci\u00f3n y la comunicaci\u00f3n<\/strong> son dos de estos. La <strong>generaci\u00f3n<\/strong> de <strong>espacios<\/strong> que aporten una val\u00eda significativa y distintiva a sus <strong>integrante<\/strong>s. Garantizan a la <strong>organizaci\u00f3n logros innumerables<\/strong>, todo esto resultado de la forja constante de <strong>v\u00ednculos e identidades<\/strong>. <strong>Empresariales<\/strong> entre <strong>empleado y empresa<\/strong>. Labor que recae directamente en las manos del <strong>gerente<\/strong>, ya que La <strong>identidad y compromiso empresarial, es responsabilidad de los l\u00edderes.<\/strong><\/p>\n<p>Es bien conocido que los rasgos predominantes de todo <strong>l\u00edder o gerente<\/strong> altamente <strong>efectivo<\/strong>. Son adquiridos directamente por los <strong>miembros de su equipo<\/strong>. Es evidente que los comportamiento compartidos cotidianamente por <strong>c\u00edrculos sociales y empresariales<\/strong> tienden a convertirse en <strong>estereotipos o negativos o positivos<\/strong>. Que afectan el desarrollo tanto <strong>profesional<\/strong> como <strong>social<\/strong> de un <strong>individuo<\/strong>.<\/p>\n<p>Esta situaci\u00f3n es <strong>habitual<\/strong> dentro de los entornos <strong>empresariales<\/strong>. El <strong>empleado<\/strong> se adapta a comportamientos <b>constantes<\/b>\u00a0y r<strong>utinarios<\/strong> de su <strong>jefe o gerente<\/strong>. Para <strong>bienestar<\/strong> o malestar del <strong><a href=\"https:\/\/www.sistemaimpulsa.com\/blog\/el-ausentismo-y-su-incidencia-en-el-desarrollo-empresarial\/\">desarrollo empresarial<\/a><\/strong>. Es importante que cada <strong>l\u00edder<\/strong> cumpla su funci\u00f3n adecuadamente, es decir, canalice y convierta todas sus <strong>habilidades y destrezas<\/strong>. En rasgos positivos que inspiren a su personal o <strong>grupo de trabajo<\/strong>. En <strong>individuos<\/strong> que caminan en pro de las <strong>necesidades y logros empresariales.<\/strong><\/p>\n<p>La <strong>motivaci\u00f3n y el compromiso de los empleados<\/strong> constituyen un aspecto fundamental en la vida diaria y el funcionamiento de <strong>cualquier organizaci\u00f3n<\/strong>. Ya que tienen que ver con la satisfacci\u00f3n general del <strong>equipo de trabajo<\/strong>. De ellos dependen, asimismo, elementos tan esenciales para los negocios como la <strong>productividad y la retenci\u00f3n del talento<\/strong>.<\/p>\n<h2>Optimizando las lealtades<\/h2>\n<p><img loading=\"lazy\" decoding=\"async\" class=\"aligncenter wp-image-1833\" src=\"https:\/\/www.sistemaimpulsa.com\/blog\/wp-content\/uploads\/2019\/02\/lideres-empresariales-300x153.jpg\" alt=\"empresarial\" width=\"600\" height=\"307\" srcset=\"https:\/\/www.sistemaimpulsa.com\/blog\/wp-content\/uploads\/2019\/02\/lideres-empresariales-300x153.jpg 300w, https:\/\/www.sistemaimpulsa.com\/blog\/wp-content\/uploads\/2019\/02\/lideres-empresariales-768x393.jpg 768w, https:\/\/www.sistemaimpulsa.com\/blog\/wp-content\/uploads\/2019\/02\/lideres-empresariales-696x356.jpg 696w, https:\/\/www.sistemaimpulsa.com\/blog\/wp-content\/uploads\/2019\/02\/lideres-empresariales-821x420.jpg 821w, https:\/\/www.sistemaimpulsa.com\/blog\/wp-content\/uploads\/2019\/02\/lideres-empresariales.jpg 880w\" sizes=\"auto, (max-width: 600px) 100vw, 600px\" \/><\/p>\n<p>Es esquivo pensar que las <strong>empresas<\/strong> actualmente. No inviertan tiempo o recursos en incentivar a sus <strong>empleados<\/strong>. A crear nexos o v\u00ednculos estrechos con la <strong>organizaci\u00f3n<\/strong>. Si bien pueden incurrir en <strong>gastos<\/strong> cuantiosos. Pueden tambi\u00e9n obtener grandes <strong>beneficios<\/strong> a mediano y <a href=\"https:\/\/www.sistemaimpulsa.com\/blog\/beneficios-a-corto-plazo-de-integrar-una-intranet-a-tu-empresa\/\">corto plazo<\/a>. A su vez, es evidente que esta labor debe ser manejada directamente por los <strong>gerentes o l\u00edderes<\/strong>. Es sobre ellos que recae la <strong>responsabilidad<\/strong> de <strong>incentivar<\/strong> dicho <strong>comportamiento organizacional<\/strong>.<\/p>\n<p>La ausencia de <strong>l\u00edderes<\/strong> con este <strong>talante<\/strong>, podr\u00eda ser considerado como un <strong>factor negativo<\/strong> para la <strong>empresa<\/strong>. Ya que un recurso vital contratado para dirigir y llevar a la <strong>empresa<\/strong> a puerto seguro. No est\u00e1 cumpliendo adecuadamente con sus <strong>obligaciones con el proyecto<\/strong>.<\/p>\n<p>Los <strong>profesionales<\/strong> de <strong><a href=\"https:\/\/www.sistemaimpulsa.com\/blog\/intranet-en-rrhh-potencia-la-gestion-de-recursos-humanos-en-tu-empresa\/\">recursos humanos<\/a><\/strong> consideran que, como el compromiso se da a partir del <strong>ambiente<\/strong> y los <strong>procesos laborales<\/strong>. \u00c9ste solo puede verse afectado por las personas que tienen influencia sobre \u00e9l, es decir, por los <strong>l\u00edderes de la empresa<\/strong>.<\/p>\n<p>En su opini\u00f3n, los tres elementos m\u00e1s efectivos para <a href=\"https:\/\/www.sistemaimpulsa.com\/blog\/como-mejorar-el-compromiso-laboral-dentro-de-una-empresa\/\">mejorar el compromiso<\/a> de los empleados son. <strong>El control que \u00e9stos tengan sobre c\u00f3mo hacer su trabajo; las oportunidades que tengan para hacer uso de sus habilidades; y las buenas relaciones con los directivos y los l\u00edderes<\/strong>.<\/p>\n<h2>Que la identidad sea el reto<\/h2>\n<p>Un <strong>empleado motivado <\/strong>siempre ser\u00e1 un <strong>baluarte<\/strong> para la <strong>organizaci\u00f3n<\/strong>. La <strong>motivaci\u00f3n<\/strong> mover\u00e1 sentimientos natos en el ser <strong>humano<\/strong>, que lo llevaran siempre a dar m\u00e1s all\u00e1 de sus posibilidades por el logro de los <strong>objetivos<\/strong>. Y siempre la <strong>empresa<\/strong> sabr\u00e1 que puede contar con su grupo de seguidores <strong>inquebrantables<\/strong>. Para llegar a puerto seguro y al <strong>manteniendo del proyecto en el tiempo. <\/strong><\/p>\n<p>Cabe resaltar que as\u00ed como el <strong>compromiso y la motivaci\u00f3n de los empleados<\/strong>. Pueden estar del lado del buen <strong>funcionamiento y del \u00e9xito de la organizaci\u00f3n<\/strong>. Si no se les presta atenci\u00f3n ni se hace nada para fomentarlos, tambi\u00e9n puede convertirse en un dolor de cabeza.<\/p>\n<p>Por otra parte, aunque podr\u00eda parecer <strong>contradictorio<\/strong>, si bien los <strong>empleados <\/strong>desprendidos que no comparte <strong>metas y objetivos<\/strong>. Es decir, que no forman parte del proceso de <strong>avance empresarial<\/strong>. Siempre existir\u00e1 una que porciones de menor incidencia. De igual manera estos deben convertirse en <strong>punto focal <\/strong>y buscar la <strong>integraci\u00f3n<\/strong> o evitar al m\u00e1ximo su <strong>perdurabilidad<\/strong>. Dentro del proyecto <strong>empresarial<\/strong>. Ya que podr\u00edan convertirse tambi\u00e9n en piedra de tranca en la consecuci\u00f3n de <strong><a href=\"https:\/\/www.sistemaimpulsa.com\/blog\/como-alinear-a-mi-equipo-en-pro-de-mis-objetivos-empresariales-unidos-es-la-clave-2\/\">objetivos empresariales<\/a><\/strong>.<\/p>\n<p>Los resultados comunes que se evidencian siempre giran entorno. Del <strong>compromiso y la motivaci\u00f3n <\/strong>de los <strong>empleados<\/strong>, son necesidades vitales e importantes para cualquier <strong>organizaci\u00f3n<\/strong>. Y que los l\u00edderes juegan un papel fundamental a la hora de convertir estos elementos en <strong>aliados <\/strong>o en <strong>enemigos<\/strong>. Por lo tanto, todo trabajo o esfuerzo que requiera para el logro <strong>efectivo<\/strong> de esta meta de <strong>impetuosa necesidad<\/strong>. Para toda <strong>empresa en crecimiento o en v\u00edas de este<\/strong>.<\/p>\n<p>La formaci\u00f3n de <strong>instituciones<\/strong> con altos niveles de entrega, <strong>compromiso e identidad<\/strong>. Garantizan el <strong>logro progresivo <\/strong>pero permanente de metas. As\u00ed como tambi\u00e9n, la <strong>perdurabilidad<\/strong> de las <strong>organizaciones<\/strong> en el tiempo. De manera <strong>proactiva, comunicativa y democr\u00e1tica<\/strong>. Con firmes principios y fuertes pasos <strong>institucionales<\/strong>.<\/p>\n","protected":false},"excerpt":{"rendered":"<p>El ambiente organizacional necesita siempre de diversos aspectos. Que acreciente su importancia y hagan sentir a sus integrantes como el pilar fundamental del desarrollo organizacional. La motivaci\u00f3n y la comunicaci\u00f3n son dos de estos. La generaci\u00f3n de espacios que aporten una val\u00eda significativa y distintiva a sus integrantes. Garantizan a la organizaci\u00f3n logros innumerables, todo [&hellip;]<\/p>\n","protected":false},"author":5,"featured_media":1832,"comment_status":"closed","ping_status":"open","sticky":false,"template":"","format":"standard","meta":{"footnotes":""},"categories":[20,2914],"tags":[177],"class_list":["post-1831","post","type-post","status-publish","format-standard","has-post-thumbnail","hentry","category-negocios","category-funnel-tofu","tag-compromisos-empresariales"],"yoast_head":"<!-- This site is optimized with the Yoast SEO plugin v27.5 - https:\/\/yoast.com\/product\/yoast-seo-wordpress\/ -->\n<title>La identidad y compromiso empresarial, es responsabilidad de los l\u00edderes - Impulsa blog<\/title>\n<meta name=\"description\" content=\"Labor que recae directamente en las manos del gerente, ya que La identidad y compromiso empresarial, es responsabilidad de los l\u00edderes.\" \/>\n<meta name=\"robots\" content=\"index, follow, max-snippet:-1, max-image-preview:large, max-video-preview:-1\" \/>\n<link rel=\"canonical\" href=\"https:\/\/www.sistemaimpulsa.com\/blog\/la-identidad-y-compromiso-empresarial-es-responsabilidad-de-los-lideres\/\" \/>\n<meta property=\"og:locale\" content=\"es_ES\" \/>\n<meta property=\"og:type\" content=\"article\" \/>\n<meta property=\"og:title\" content=\"La identidad y compromiso empresarial, es responsabilidad de los l\u00edderes - Impulsa blog\" \/>\n<meta property=\"og:description\" content=\"Labor que recae directamente en las manos del gerente, ya que La identidad y compromiso empresarial, es responsabilidad de los l\u00edderes.\" \/>\n<meta property=\"og:url\" content=\"https:\/\/www.sistemaimpulsa.com\/blog\/la-identidad-y-compromiso-empresarial-es-responsabilidad-de-los-lideres\/\" \/>\n<meta property=\"og:site_name\" content=\"Blog de Ventas y Digitalizaci\u00f3n - Impulsa\" \/>\n<meta property=\"article:published_time\" content=\"2019-02-13T12:56:24+00:00\" \/>\n<meta property=\"article:modified_time\" content=\"2026-05-02T20:38:52+00:00\" \/>\n<meta property=\"og:image\" content=\"https:\/\/www.sistemaimpulsa.com\/blog\/wp-content\/uploads\/2019\/02\/5-lideres-que-han-sido-ejemplo-1.jpg\" \/>\n\t<meta property=\"og:image:width\" content=\"880\" \/>\n\t<meta property=\"og:image:height\" content=\"450\" \/>\n\t<meta property=\"og:image:type\" content=\"image\/jpeg\" \/>\n<meta name=\"author\" content=\"German\" \/>\n<meta name=\"twitter:card\" content=\"summary_large_image\" \/>\n<meta name=\"twitter:label1\" content=\"Escrito por\" \/>\n\t<meta name=\"twitter:data1\" content=\"German\" \/>\n\t<meta name=\"twitter:label2\" content=\"Tiempo de lectura\" \/>\n\t<meta name=\"twitter:data2\" content=\"4 minutos\" \/>\n<script type=\"application\/ld+json\" class=\"yoast-schema-graph\">{\"@context\":\"https:\\\/\\\/schema.org\",\"@graph\":[{\"@type\":\"Article\",\"@id\":\"https:\\\/\\\/www.sistemaimpulsa.com\\\/blog\\\/la-identidad-y-compromiso-empresarial-es-responsabilidad-de-los-lideres\\\/#article\",\"isPartOf\":{\"@id\":\"https:\\\/\\\/www.sistemaimpulsa.com\\\/blog\\\/la-identidad-y-compromiso-empresarial-es-responsabilidad-de-los-lideres\\\/\"},\"author\":{\"name\":\"German\",\"@id\":\"https:\\\/\\\/www.sistemaimpulsa.com\\\/blog\\\/#\\\/schema\\\/person\\\/77061eb0328c10b0791fc8e9b3026246\"},\"headline\":\"La identidad y compromiso empresarial, es responsabilidad de los l\u00edderes\",\"datePublished\":\"2019-02-13T12:56:24+00:00\",\"dateModified\":\"2026-05-02T20:38:52+00:00\",\"mainEntityOfPage\":{\"@id\":\"https:\\\/\\\/www.sistemaimpulsa.com\\\/blog\\\/la-identidad-y-compromiso-empresarial-es-responsabilidad-de-los-lideres\\\/\"},\"wordCount\":843,\"image\":{\"@id\":\"https:\\\/\\\/www.sistemaimpulsa.com\\\/blog\\\/la-identidad-y-compromiso-empresarial-es-responsabilidad-de-los-lideres\\\/#primaryimage\"},\"thumbnailUrl\":\"https:\\\/\\\/www.sistemaimpulsa.com\\\/blog\\\/wp-content\\\/uploads\\\/2019\\\/02\\\/5-lideres-que-han-sido-ejemplo-1.jpg\",\"keywords\":[\"compromisos empresariales\"],\"articleSection\":[\"Negocios\",\"TOFU\"],\"inLanguage\":\"es\"},{\"@type\":\"WebPage\",\"@id\":\"https:\\\/\\\/www.sistemaimpulsa.com\\\/blog\\\/la-identidad-y-compromiso-empresarial-es-responsabilidad-de-los-lideres\\\/\",\"url\":\"https:\\\/\\\/www.sistemaimpulsa.com\\\/blog\\\/la-identidad-y-compromiso-empresarial-es-responsabilidad-de-los-lideres\\\/\",\"name\":\"La identidad y compromiso empresarial, es responsabilidad de los l\u00edderes - Impulsa blog\",\"isPartOf\":{\"@id\":\"https:\\\/\\\/www.sistemaimpulsa.com\\\/blog\\\/#website\"},\"primaryImageOfPage\":{\"@id\":\"https:\\\/\\\/www.sistemaimpulsa.com\\\/blog\\\/la-identidad-y-compromiso-empresarial-es-responsabilidad-de-los-lideres\\\/#primaryimage\"},\"image\":{\"@id\":\"https:\\\/\\\/www.sistemaimpulsa.com\\\/blog\\\/la-identidad-y-compromiso-empresarial-es-responsabilidad-de-los-lideres\\\/#primaryimage\"},\"thumbnailUrl\":\"https:\\\/\\\/www.sistemaimpulsa.com\\\/blog\\\/wp-content\\\/uploads\\\/2019\\\/02\\\/5-lideres-que-han-sido-ejemplo-1.jpg\",\"datePublished\":\"2019-02-13T12:56:24+00:00\",\"dateModified\":\"2026-05-02T20:38:52+00:00\",\"author\":{\"@id\":\"https:\\\/\\\/www.sistemaimpulsa.com\\\/blog\\\/#\\\/schema\\\/person\\\/77061eb0328c10b0791fc8e9b3026246\"},\"description\":\"Labor que recae directamente en las manos del gerente, ya que La identidad y compromiso empresarial, es responsabilidad de los l\u00edderes.\",\"breadcrumb\":{\"@id\":\"https:\\\/\\\/www.sistemaimpulsa.com\\\/blog\\\/la-identidad-y-compromiso-empresarial-es-responsabilidad-de-los-lideres\\\/#breadcrumb\"},\"inLanguage\":\"es\",\"potentialAction\":[{\"@type\":\"ReadAction\",\"target\":[\"https:\\\/\\\/www.sistemaimpulsa.com\\\/blog\\\/la-identidad-y-compromiso-empresarial-es-responsabilidad-de-los-lideres\\\/\"]}]},{\"@type\":\"ImageObject\",\"inLanguage\":\"es\",\"@id\":\"https:\\\/\\\/www.sistemaimpulsa.com\\\/blog\\\/la-identidad-y-compromiso-empresarial-es-responsabilidad-de-los-lideres\\\/#primaryimage\",\"url\":\"https:\\\/\\\/www.sistemaimpulsa.com\\\/blog\\\/wp-content\\\/uploads\\\/2019\\\/02\\\/5-lideres-que-han-sido-ejemplo-1.jpg\",\"contentUrl\":\"https:\\\/\\\/www.sistemaimpulsa.com\\\/blog\\\/wp-content\\\/uploads\\\/2019\\\/02\\\/5-lideres-que-han-sido-ejemplo-1.jpg\",\"width\":880,\"height\":450,\"caption\":\"empresarial\"},{\"@type\":\"BreadcrumbList\",\"@id\":\"https:\\\/\\\/www.sistemaimpulsa.com\\\/blog\\\/la-identidad-y-compromiso-empresarial-es-responsabilidad-de-los-lideres\\\/#breadcrumb\",\"itemListElement\":[{\"@type\":\"ListItem\",\"position\":1,\"name\":\"Portada\",\"item\":\"https:\\\/\\\/www.sistemaimpulsa.com\\\/blog\\\/\"},{\"@type\":\"ListItem\",\"position\":2,\"name\":\"La identidad y compromiso empresarial, es responsabilidad de los l\u00edderes\"}]},{\"@type\":\"WebSite\",\"@id\":\"https:\\\/\\\/www.sistemaimpulsa.com\\\/blog\\\/#website\",\"url\":\"https:\\\/\\\/www.sistemaimpulsa.com\\\/blog\\\/\",\"name\":\"Blog de Ventas y Digitalizaci\u00f3n - Impulsa\",\"description\":\"Blog dedicado a ayudar a emprendedores, pymes y empresas sobre ventas y digitalizaci\u00f3n, explicando en simple los contenidos complejos.\",\"potentialAction\":[{\"@type\":\"SearchAction\",\"target\":{\"@type\":\"EntryPoint\",\"urlTemplate\":\"https:\\\/\\\/www.sistemaimpulsa.com\\\/blog\\\/?s={search_term_string}\"},\"query-input\":{\"@type\":\"PropertyValueSpecification\",\"valueRequired\":true,\"valueName\":\"search_term_string\"}}],\"inLanguage\":\"es\"},{\"@type\":\"Person\",\"@id\":\"https:\\\/\\\/www.sistemaimpulsa.com\\\/blog\\\/#\\\/schema\\\/person\\\/77061eb0328c10b0791fc8e9b3026246\",\"name\":\"German\",\"image\":{\"@type\":\"ImageObject\",\"inLanguage\":\"es\",\"@id\":\"https:\\\/\\\/secure.gravatar.com\\\/avatar\\\/f00c033b51dd92dcfad5bfed9974005c3464b2ba96e2c30309474f252c5154f1?s=96&d=mm&r=g\",\"url\":\"https:\\\/\\\/secure.gravatar.com\\\/avatar\\\/f00c033b51dd92dcfad5bfed9974005c3464b2ba96e2c30309474f252c5154f1?s=96&d=mm&r=g\",\"contentUrl\":\"https:\\\/\\\/secure.gravatar.com\\\/avatar\\\/f00c033b51dd92dcfad5bfed9974005c3464b2ba96e2c30309474f252c5154f1?s=96&d=mm&r=g\",\"caption\":\"German\"},\"url\":\"https:\\\/\\\/www.sistemaimpulsa.com\\\/blog\\\/author\\\/german\\\/\"}]}<\/script>\n<!-- \/ Yoast SEO plugin. -->","yoast_head_json":{"title":"La identidad y compromiso empresarial, es responsabilidad de los l\u00edderes - Impulsa blog","description":"Labor que recae directamente en las manos del gerente, ya que La identidad y compromiso empresarial, es responsabilidad de los l\u00edderes.","robots":{"index":"index","follow":"follow","max-snippet":"max-snippet:-1","max-image-preview":"max-image-preview:large","max-video-preview":"max-video-preview:-1"},"canonical":"https:\/\/www.sistemaimpulsa.com\/blog\/la-identidad-y-compromiso-empresarial-es-responsabilidad-de-los-lideres\/","og_locale":"es_ES","og_type":"article","og_title":"La identidad y compromiso empresarial, es responsabilidad de los l\u00edderes - Impulsa blog","og_description":"Labor que recae directamente en las manos del gerente, ya que La identidad y compromiso empresarial, es responsabilidad de los l\u00edderes.","og_url":"https:\/\/www.sistemaimpulsa.com\/blog\/la-identidad-y-compromiso-empresarial-es-responsabilidad-de-los-lideres\/","og_site_name":"Blog de Ventas y Digitalizaci\u00f3n - Impulsa","article_published_time":"2019-02-13T12:56:24+00:00","article_modified_time":"2026-05-02T20:38:52+00:00","og_image":[{"width":880,"height":450,"url":"https:\/\/www.sistemaimpulsa.com\/blog\/wp-content\/uploads\/2019\/02\/5-lideres-que-han-sido-ejemplo-1.jpg","type":"image\/jpeg"}],"author":"German","twitter_card":"summary_large_image","twitter_misc":{"Escrito por":"German","Tiempo de lectura":"4 minutos"},"schema":{"@context":"https:\/\/schema.org","@graph":[{"@type":"Article","@id":"https:\/\/www.sistemaimpulsa.com\/blog\/la-identidad-y-compromiso-empresarial-es-responsabilidad-de-los-lideres\/#article","isPartOf":{"@id":"https:\/\/www.sistemaimpulsa.com\/blog\/la-identidad-y-compromiso-empresarial-es-responsabilidad-de-los-lideres\/"},"author":{"name":"German","@id":"https:\/\/www.sistemaimpulsa.com\/blog\/#\/schema\/person\/77061eb0328c10b0791fc8e9b3026246"},"headline":"La identidad y compromiso empresarial, es responsabilidad de los l\u00edderes","datePublished":"2019-02-13T12:56:24+00:00","dateModified":"2026-05-02T20:38:52+00:00","mainEntityOfPage":{"@id":"https:\/\/www.sistemaimpulsa.com\/blog\/la-identidad-y-compromiso-empresarial-es-responsabilidad-de-los-lideres\/"},"wordCount":843,"image":{"@id":"https:\/\/www.sistemaimpulsa.com\/blog\/la-identidad-y-compromiso-empresarial-es-responsabilidad-de-los-lideres\/#primaryimage"},"thumbnailUrl":"https:\/\/www.sistemaimpulsa.com\/blog\/wp-content\/uploads\/2019\/02\/5-lideres-que-han-sido-ejemplo-1.jpg","keywords":["compromisos empresariales"],"articleSection":["Negocios","TOFU"],"inLanguage":"es"},{"@type":"WebPage","@id":"https:\/\/www.sistemaimpulsa.com\/blog\/la-identidad-y-compromiso-empresarial-es-responsabilidad-de-los-lideres\/","url":"https:\/\/www.sistemaimpulsa.com\/blog\/la-identidad-y-compromiso-empresarial-es-responsabilidad-de-los-lideres\/","name":"La identidad y compromiso empresarial, es responsabilidad de los l\u00edderes - Impulsa blog","isPartOf":{"@id":"https:\/\/www.sistemaimpulsa.com\/blog\/#website"},"primaryImageOfPage":{"@id":"https:\/\/www.sistemaimpulsa.com\/blog\/la-identidad-y-compromiso-empresarial-es-responsabilidad-de-los-lideres\/#primaryimage"},"image":{"@id":"https:\/\/www.sistemaimpulsa.com\/blog\/la-identidad-y-compromiso-empresarial-es-responsabilidad-de-los-lideres\/#primaryimage"},"thumbnailUrl":"https:\/\/www.sistemaimpulsa.com\/blog\/wp-content\/uploads\/2019\/02\/5-lideres-que-han-sido-ejemplo-1.jpg","datePublished":"2019-02-13T12:56:24+00:00","dateModified":"2026-05-02T20:38:52+00:00","author":{"@id":"https:\/\/www.sistemaimpulsa.com\/blog\/#\/schema\/person\/77061eb0328c10b0791fc8e9b3026246"},"description":"Labor que recae directamente en las manos del gerente, ya que La identidad y compromiso empresarial, es responsabilidad de los l\u00edderes.","breadcrumb":{"@id":"https:\/\/www.sistemaimpulsa.com\/blog\/la-identidad-y-compromiso-empresarial-es-responsabilidad-de-los-lideres\/#breadcrumb"},"inLanguage":"es","potentialAction":[{"@type":"ReadAction","target":["https:\/\/www.sistemaimpulsa.com\/blog\/la-identidad-y-compromiso-empresarial-es-responsabilidad-de-los-lideres\/"]}]},{"@type":"ImageObject","inLanguage":"es","@id":"https:\/\/www.sistemaimpulsa.com\/blog\/la-identidad-y-compromiso-empresarial-es-responsabilidad-de-los-lideres\/#primaryimage","url":"https:\/\/www.sistemaimpulsa.com\/blog\/wp-content\/uploads\/2019\/02\/5-lideres-que-han-sido-ejemplo-1.jpg","contentUrl":"https:\/\/www.sistemaimpulsa.com\/blog\/wp-content\/uploads\/2019\/02\/5-lideres-que-han-sido-ejemplo-1.jpg","width":880,"height":450,"caption":"empresarial"},{"@type":"BreadcrumbList","@id":"https:\/\/www.sistemaimpulsa.com\/blog\/la-identidad-y-compromiso-empresarial-es-responsabilidad-de-los-lideres\/#breadcrumb","itemListElement":[{"@type":"ListItem","position":1,"name":"Portada","item":"https:\/\/www.sistemaimpulsa.com\/blog\/"},{"@type":"ListItem","position":2,"name":"La identidad y compromiso empresarial, es responsabilidad de los l\u00edderes"}]},{"@type":"WebSite","@id":"https:\/\/www.sistemaimpulsa.com\/blog\/#website","url":"https:\/\/www.sistemaimpulsa.com\/blog\/","name":"Blog de Ventas y Digitalizaci\u00f3n - Impulsa","description":"Blog dedicado a ayudar a emprendedores, pymes y empresas sobre ventas y digitalizaci\u00f3n, explicando en simple los contenidos complejos.","potentialAction":[{"@type":"SearchAction","target":{"@type":"EntryPoint","urlTemplate":"https:\/\/www.sistemaimpulsa.com\/blog\/?s={search_term_string}"},"query-input":{"@type":"PropertyValueSpecification","valueRequired":true,"valueName":"search_term_string"}}],"inLanguage":"es"},{"@type":"Person","@id":"https:\/\/www.sistemaimpulsa.com\/blog\/#\/schema\/person\/77061eb0328c10b0791fc8e9b3026246","name":"German","image":{"@type":"ImageObject","inLanguage":"es","@id":"https:\/\/secure.gravatar.com\/avatar\/f00c033b51dd92dcfad5bfed9974005c3464b2ba96e2c30309474f252c5154f1?s=96&d=mm&r=g","url":"https:\/\/secure.gravatar.com\/avatar\/f00c033b51dd92dcfad5bfed9974005c3464b2ba96e2c30309474f252c5154f1?s=96&d=mm&r=g","contentUrl":"https:\/\/secure.gravatar.com\/avatar\/f00c033b51dd92dcfad5bfed9974005c3464b2ba96e2c30309474f252c5154f1?s=96&d=mm&r=g","caption":"German"},"url":"https:\/\/www.sistemaimpulsa.com\/blog\/author\/german\/"}]}},"_links":{"self":[{"href":"https:\/\/www.sistemaimpulsa.com\/blog\/wp-json\/wp\/v2\/posts\/1831","targetHints":{"allow":["GET"]}}],"collection":[{"href":"https:\/\/www.sistemaimpulsa.com\/blog\/wp-json\/wp\/v2\/posts"}],"about":[{"href":"https:\/\/www.sistemaimpulsa.com\/blog\/wp-json\/wp\/v2\/types\/post"}],"author":[{"embeddable":true,"href":"https:\/\/www.sistemaimpulsa.com\/blog\/wp-json\/wp\/v2\/users\/5"}],"replies":[{"embeddable":true,"href":"https:\/\/www.sistemaimpulsa.com\/blog\/wp-json\/wp\/v2\/comments?post=1831"}],"version-history":[{"count":2,"href":"https:\/\/www.sistemaimpulsa.com\/blog\/wp-json\/wp\/v2\/posts\/1831\/revisions"}],"predecessor-version":[{"id":22217,"href":"https:\/\/www.sistemaimpulsa.com\/blog\/wp-json\/wp\/v2\/posts\/1831\/revisions\/22217"}],"wp:featuredmedia":[{"embeddable":true,"href":"https:\/\/www.sistemaimpulsa.com\/blog\/wp-json\/wp\/v2\/media\/1832"}],"wp:attachment":[{"href":"https:\/\/www.sistemaimpulsa.com\/blog\/wp-json\/wp\/v2\/media?parent=1831"}],"wp:term":[{"taxonomy":"category","embeddable":true,"href":"https:\/\/www.sistemaimpulsa.com\/blog\/wp-json\/wp\/v2\/categories?post=1831"},{"taxonomy":"post_tag","embeddable":true,"href":"https:\/\/www.sistemaimpulsa.com\/blog\/wp-json\/wp\/v2\/tags?post=1831"}],"curies":[{"name":"wp","href":"https:\/\/api.w.org\/{rel}","templated":true}]}}