{"id":1928,"date":"2019-02-19T02:20:59","date_gmt":"2019-02-19T02:20:59","guid":{"rendered":"https:\/\/www.sistemaimpulsa.com\/blog\/?p=1928"},"modified":"2026-05-02T04:30:26","modified_gmt":"2026-05-02T04:30:26","slug":"la-capacitacion-constante-y-actual-para-profesionales-de-ventas-de-hoy","status":"publish","type":"post","link":"https:\/\/www.sistemaimpulsa.com\/blog\/la-capacitacion-constante-y-actual-para-profesionales-de-ventas-de-hoy\/","title":{"rendered":"La capacitaci\u00f3n constante y actual para profesionales de ventas de hoy"},"content":{"rendered":"<p>La obligatoriedad en la constante actualizaci\u00f3n del personal. Son aspectos de gran inter\u00e9s que deben ser considerados por <strong>los gerentes y directivos del \u00e1rea de ventas<\/strong>. El estar en sinton\u00eda con las nuevas tendencias que plantea el mundo de las ventas de este mundo en constante evoluci\u00f3n. Con la creaci\u00f3n de conceptos y planteamientos innovadores en lo que a m\u00e9todos y comportamientos del sector se refiere. Es una obligaci\u00f3n para todo vendedor estar a tono con los requerimientos. Por lo tanto, <strong>La capacitaci\u00f3n constante y actual para profesionales de ventas de hoy.<\/strong><\/p>\n<h2>Las ventas y las exigencias del mundo tecnol\u00f3gico actual<\/h2>\n<p>Las exigencias constantes a los equipos de ventas de hoy. Han obligado a los expertos a recurrir a la creaci\u00f3n de nuevas e innovadoras t\u00e9cnicas. Para <strong>la generaci\u00f3n de nuevas modalidades, conceptos y m\u00e9todos<\/strong>. Que mejoren cada d\u00eda m\u00e1s las ventas y la efectividad de sus protagonistas los vendedores. Los millennials o individuos de \u00faltima generaci\u00f3n, conforman uno de los principales segmentos laborales. Que requieren de mayores retos y exigencias en su accionar cotidiano en <strong>el mundo de las ventas.<\/strong><\/p>\n<p>El incremento de los equipos de ventas multigeneracionales es tan solo un factor de dificultad. en <strong>un entorno de ventas cada vez m\u00e1s complejo.<\/strong> Otro desaf\u00edo que enfrentan los representantes de ventas. Es que los compradores llegan a ellos much\u00edsimo m\u00e1s informados. Y recurren a Internet para hallar soluciones antes de contactar con posibles proveedores. <strong>El ritmo del negocio se acelera, al igual que las exigencias hacia los profesionales de ventas<\/strong>. Estos deben emplear el tiempo con sabidur\u00eda, lo que significa trabajar a sol y a sombra.<\/p>\n<h2>La tecnolog\u00eda, medio para la superaci\u00f3n de los equipos de ventas modernos<\/h2>\n<p><img loading=\"lazy\" decoding=\"async\" class=\"aligncenter wp-image-1929\" src=\"https:\/\/www.sistemaimpulsa.com\/blog\/wp-content\/uploads\/2019\/02\/ec305eb705c495d0a3c27e4600358897_630x315-300x150.jpg\" alt=\"ventas\" width=\"600\" height=\"300\" srcset=\"https:\/\/www.sistemaimpulsa.com\/blog\/wp-content\/uploads\/2019\/02\/ec305eb705c495d0a3c27e4600358897_630x315-300x150.jpg 300w, https:\/\/www.sistemaimpulsa.com\/blog\/wp-content\/uploads\/2019\/02\/ec305eb705c495d0a3c27e4600358897_630x315.jpg 630w\" sizes=\"auto, (max-width: 600px) 100vw, 600px\" \/><\/p>\n<p>Es evidente que los avances en la actualidad se destacan en todos los \u00e1mbitos de la sociedad. La tecnolog\u00eda es quien marca la pauta a la hora de prestar adaptabilidad o mejoras a las condiciones de los \u00e1mbitos diversos de la sociedad. Es decir, no es un secreto que es<strong> la tecnolog\u00eda la que presta el servicio a la hora de los avances.<\/strong> Con la creaci\u00f3n <strong>de equipos tecnol\u00f3gicos y aplicaciones<\/strong>. Entre otras, que brindan apoyo al crecimiento constante de las labores tanto en las ventas como la gerencia de la nueva era.<\/p>\n<p>Cada generaci\u00f3n creci\u00f3 usando las herramientas que hab\u00eda disponibles en ese momento. Como resultado, hay distintos niveles de familiaridad con <strong>el mundo digital actual.<\/strong> Los millennials crecieron inmersos en el mundo tecnol\u00f3gico y llevan a cabo. La mayor parte de sus tareas cotidianas en l\u00ednea.<\/p>\n<p>El desarrollo de programas de capacitaci\u00f3n en ventas de \u00faltima <strong>generaci\u00f3n destinados a organizaciones de ventas multigeneracionales.<\/strong> \u00a0Debe estar enmarcado en la integraci\u00f3n de informaci\u00f3n tanto antigua como actual. Para buscar la mejor adaptabilidad entre ambas y la aceptaci\u00f3n de los consumidores en proceso de formaci\u00f3n. Buscando con esto la maximizaci\u00f3n de los esfuerzos en<strong> la capacitaci\u00f3n y aprendizaje de las nuevas fuerzas de ventas<\/strong>. Generando con esto el mejor y m\u00e1s adaptado adiestramiento. <strong>Adaptado a las condiciones y\u00a0 exigencias del comprador actual.<\/strong><\/p>\n<h2>Aula invertida el m\u00e9todo m\u00e1s utilizado hoy en d\u00eda<\/h2>\n<p>Uno de los m\u00e9todos m\u00e1s aplicados actualmente se denomina <strong>AULA INVERTIDA<\/strong>. Esta se basa en el uso de tecnolog\u00edas para desarrollar los procesos de ense\u00f1anza aprendizaje. Esta modalidad facilita de desde todo punto de vista mediante <strong>el soporte tecnol\u00f3gico, videos, aplicaciones, test en l\u00ednea<\/strong>. La adquisici\u00f3n de capacidades. Es f\u00e1cil asumir que esta modalidad de ense\u00f1anza, cala perfectamente con el comportamiento de las generaciones actuales. Los millennials, y su comportamiento abocado a las tecnolog\u00edas y las redes. Prestaran mayor atenci\u00f3n y se abocan m\u00e1s a su formaci\u00f3n en todos los sentidos y \u00e1reas. Incluso en capacitaciones para<strong> vendedores de alto nivel.<\/strong><\/p>\n<p>Los cursos con formato modular imparten contenido en unidades peque\u00f1as y f\u00e1ciles de asimilar. Con procesos de aprendizaje espec\u00edficos para niveles b\u00e1sicos o avanzados, y por funci\u00f3n. Los videos, las infograf\u00edas y otros formatos ayudan a <strong>visualizar y recordar conceptos clave.<\/strong><\/p>\n<h2>Qu\u00e9 depara el destino a las ventas<\/h2>\n<p>Tenemos que entenderla como una continuidad que busca transformarse, y que requiere de trabajo duro. En el siglo XXI, marcado por el desarrollo de <strong>nuevas tecnolog\u00edas y cambios r\u00e1pidos.<\/strong> Los departamentos de ventas ser\u00e1n testigos de<strong> otros m\u00e9todos de trabajo<\/strong>. Adem\u00e1s de disponer de una informatizaci\u00f3n cada vez m\u00e1s acentuada dentro del nuevo estilo de vida digital que estamos viviendo.<\/p>\n<p>Para lograr un cambio r\u00e1pido y sostenido en el comportamiento. A trav\u00e9s de <strong>la capacitaci\u00f3n en ventas<\/strong> se necesita m\u00e1s que transmitir conocimientos. Se debe ense\u00f1ar a los representantes de ventas nuevas maneras de pensar. Nuevas habilidades y nuevos comportamientos que conduzcan a los h\u00e1bitos deseados.<\/p>\n<p>La tecnolog\u00eda es la causa y la soluci\u00f3n para el desaf\u00edo de captar la atenci\u00f3n de los profesionales modernos. Reduce la brecha entre<strong> los m\u00e9todos de capacitaci\u00f3n tradicionales y el aprendizaje en l\u00ednea<\/strong> y. De esa manera, ayuda a todas las generaciones de <strong>profesionales de ventas<\/strong> a dominar los conocimientos y alcanzar los mejores resultados en menos tiempo.<\/p>\n","protected":false},"excerpt":{"rendered":"<p>La obligatoriedad en la constante actualizaci\u00f3n del personal. Son aspectos de gran inter\u00e9s que deben ser considerados por los gerentes y directivos del \u00e1rea de ventas. El estar en sinton\u00eda con las nuevas tendencias que plantea el mundo de las ventas de este mundo en constante evoluci\u00f3n. Con la creaci\u00f3n de conceptos y planteamientos innovadores [&hellip;]<\/p>\n","protected":false},"author":5,"featured_media":1930,"comment_status":"closed","ping_status":"open","sticky":false,"template":"","format":"standard","meta":{"footnotes":""},"categories":[17,2914],"tags":[],"class_list":["post-1928","post","type-post","status-publish","format-standard","has-post-thumbnail","hentry","category-marketing-digital","category-funnel-tofu"],"yoast_head":"<!-- This site is optimized with the Yoast SEO plugin v27.4 - https:\/\/yoast.com\/product\/yoast-seo-wordpress\/ -->\n<title>La capacitaci\u00f3n constante y actual para profesionales de ventas de hoy - Impulsa blog<\/title>\n<meta name=\"description\" content=\"La obligatoriedad en la constante actualizaci\u00f3n del personal. Son aspectos de gran inter\u00e9s que deben ser considerados por los gerentes y directivos del \u00e1rea de ventas\" \/>\n<meta name=\"robots\" content=\"index, follow, max-snippet:-1, max-image-preview:large, max-video-preview:-1\" \/>\n<link rel=\"canonical\" href=\"https:\/\/www.sistemaimpulsa.com\/blog\/la-capacitacion-constante-y-actual-para-profesionales-de-ventas-de-hoy\/\" \/>\n<meta property=\"og:locale\" content=\"es_ES\" \/>\n<meta property=\"og:type\" content=\"article\" \/>\n<meta property=\"og:title\" content=\"La capacitaci\u00f3n constante y actual para profesionales de ventas de hoy - Impulsa blog\" \/>\n<meta property=\"og:description\" content=\"La obligatoriedad en la constante actualizaci\u00f3n del personal. Son aspectos de gran inter\u00e9s que deben ser considerados por los gerentes y directivos del \u00e1rea de ventas\" \/>\n<meta property=\"og:url\" content=\"https:\/\/www.sistemaimpulsa.com\/blog\/la-capacitacion-constante-y-actual-para-profesionales-de-ventas-de-hoy\/\" \/>\n<meta property=\"og:site_name\" content=\"Blog de Ventas y Digitalizaci\u00f3n - Impulsa\" \/>\n<meta property=\"article:published_time\" content=\"2019-02-19T02:20:59+00:00\" \/>\n<meta property=\"article:modified_time\" content=\"2026-05-02T04:30:26+00:00\" \/>\n<meta property=\"og:image\" content=\"https:\/\/www.sistemaimpulsa.com\/blog\/wp-content\/uploads\/2019\/02\/img_78821_CapacitacionenVentaProfesional.jpg\" \/>\n\t<meta property=\"og:image:width\" content=\"1000\" \/>\n\t<meta property=\"og:image:height\" content=\"693\" \/>\n\t<meta property=\"og:image:type\" content=\"image\/jpeg\" \/>\n<meta name=\"author\" content=\"German\" \/>\n<meta name=\"twitter:card\" content=\"summary_large_image\" \/>\n<meta name=\"twitter:label1\" content=\"Escrito por\" \/>\n\t<meta name=\"twitter:data1\" content=\"German\" \/>\n\t<meta name=\"twitter:label2\" content=\"Tiempo de lectura\" \/>\n\t<meta name=\"twitter:data2\" content=\"5 minutos\" \/>\n<script type=\"application\/ld+json\" class=\"yoast-schema-graph\">{\"@context\":\"https:\\\/\\\/schema.org\",\"@graph\":[{\"@type\":\"Article\",\"@id\":\"https:\\\/\\\/www.sistemaimpulsa.com\\\/blog\\\/la-capacitacion-constante-y-actual-para-profesionales-de-ventas-de-hoy\\\/#article\",\"isPartOf\":{\"@id\":\"https:\\\/\\\/www.sistemaimpulsa.com\\\/blog\\\/la-capacitacion-constante-y-actual-para-profesionales-de-ventas-de-hoy\\\/\"},\"author\":{\"name\":\"German\",\"@id\":\"https:\\\/\\\/www.sistemaimpulsa.com\\\/blog\\\/#\\\/schema\\\/person\\\/77061eb0328c10b0791fc8e9b3026246\"},\"headline\":\"La capacitaci\u00f3n constante y actual para profesionales de ventas de hoy\",\"datePublished\":\"2019-02-19T02:20:59+00:00\",\"dateModified\":\"2026-05-02T04:30:26+00:00\",\"mainEntityOfPage\":{\"@id\":\"https:\\\/\\\/www.sistemaimpulsa.com\\\/blog\\\/la-capacitacion-constante-y-actual-para-profesionales-de-ventas-de-hoy\\\/\"},\"wordCount\":917,\"image\":{\"@id\":\"https:\\\/\\\/www.sistemaimpulsa.com\\\/blog\\\/la-capacitacion-constante-y-actual-para-profesionales-de-ventas-de-hoy\\\/#primaryimage\"},\"thumbnailUrl\":\"https:\\\/\\\/www.sistemaimpulsa.com\\\/blog\\\/wp-content\\\/uploads\\\/2019\\\/02\\\/img_78821_CapacitacionenVentaProfesional.jpg\",\"articleSection\":[\"Marketing Digital\",\"TOFU\"],\"inLanguage\":\"es\"},{\"@type\":\"WebPage\",\"@id\":\"https:\\\/\\\/www.sistemaimpulsa.com\\\/blog\\\/la-capacitacion-constante-y-actual-para-profesionales-de-ventas-de-hoy\\\/\",\"url\":\"https:\\\/\\\/www.sistemaimpulsa.com\\\/blog\\\/la-capacitacion-constante-y-actual-para-profesionales-de-ventas-de-hoy\\\/\",\"name\":\"La capacitaci\u00f3n constante y actual para profesionales de ventas de hoy - Impulsa blog\",\"isPartOf\":{\"@id\":\"https:\\\/\\\/www.sistemaimpulsa.com\\\/blog\\\/#website\"},\"primaryImageOfPage\":{\"@id\":\"https:\\\/\\\/www.sistemaimpulsa.com\\\/blog\\\/la-capacitacion-constante-y-actual-para-profesionales-de-ventas-de-hoy\\\/#primaryimage\"},\"image\":{\"@id\":\"https:\\\/\\\/www.sistemaimpulsa.com\\\/blog\\\/la-capacitacion-constante-y-actual-para-profesionales-de-ventas-de-hoy\\\/#primaryimage\"},\"thumbnailUrl\":\"https:\\\/\\\/www.sistemaimpulsa.com\\\/blog\\\/wp-content\\\/uploads\\\/2019\\\/02\\\/img_78821_CapacitacionenVentaProfesional.jpg\",\"datePublished\":\"2019-02-19T02:20:59+00:00\",\"dateModified\":\"2026-05-02T04:30:26+00:00\",\"author\":{\"@id\":\"https:\\\/\\\/www.sistemaimpulsa.com\\\/blog\\\/#\\\/schema\\\/person\\\/77061eb0328c10b0791fc8e9b3026246\"},\"description\":\"La obligatoriedad en la constante actualizaci\u00f3n del personal. Son aspectos de gran inter\u00e9s que deben ser considerados por los gerentes y directivos del \u00e1rea de ventas\",\"breadcrumb\":{\"@id\":\"https:\\\/\\\/www.sistemaimpulsa.com\\\/blog\\\/la-capacitacion-constante-y-actual-para-profesionales-de-ventas-de-hoy\\\/#breadcrumb\"},\"inLanguage\":\"es\",\"potentialAction\":[{\"@type\":\"ReadAction\",\"target\":[\"https:\\\/\\\/www.sistemaimpulsa.com\\\/blog\\\/la-capacitacion-constante-y-actual-para-profesionales-de-ventas-de-hoy\\\/\"]}]},{\"@type\":\"ImageObject\",\"inLanguage\":\"es\",\"@id\":\"https:\\\/\\\/www.sistemaimpulsa.com\\\/blog\\\/la-capacitacion-constante-y-actual-para-profesionales-de-ventas-de-hoy\\\/#primaryimage\",\"url\":\"https:\\\/\\\/www.sistemaimpulsa.com\\\/blog\\\/wp-content\\\/uploads\\\/2019\\\/02\\\/img_78821_CapacitacionenVentaProfesional.jpg\",\"contentUrl\":\"https:\\\/\\\/www.sistemaimpulsa.com\\\/blog\\\/wp-content\\\/uploads\\\/2019\\\/02\\\/img_78821_CapacitacionenVentaProfesional.jpg\",\"width\":1000,\"height\":693,\"caption\":\"ventas\"},{\"@type\":\"BreadcrumbList\",\"@id\":\"https:\\\/\\\/www.sistemaimpulsa.com\\\/blog\\\/la-capacitacion-constante-y-actual-para-profesionales-de-ventas-de-hoy\\\/#breadcrumb\",\"itemListElement\":[{\"@type\":\"ListItem\",\"position\":1,\"name\":\"Portada\",\"item\":\"https:\\\/\\\/www.sistemaimpulsa.com\\\/blog\\\/\"},{\"@type\":\"ListItem\",\"position\":2,\"name\":\"La capacitaci\u00f3n constante y actual para profesionales de ventas de hoy\"}]},{\"@type\":\"WebSite\",\"@id\":\"https:\\\/\\\/www.sistemaimpulsa.com\\\/blog\\\/#website\",\"url\":\"https:\\\/\\\/www.sistemaimpulsa.com\\\/blog\\\/\",\"name\":\"Blog de Ventas y Digitalizaci\u00f3n - Impulsa\",\"description\":\"Blog dedicado a ayudar a emprendedores, pymes y empresas sobre ventas y digitalizaci\u00f3n, explicando en simple los contenidos complejos.\",\"potentialAction\":[{\"@type\":\"SearchAction\",\"target\":{\"@type\":\"EntryPoint\",\"urlTemplate\":\"https:\\\/\\\/www.sistemaimpulsa.com\\\/blog\\\/?s={search_term_string}\"},\"query-input\":{\"@type\":\"PropertyValueSpecification\",\"valueRequired\":true,\"valueName\":\"search_term_string\"}}],\"inLanguage\":\"es\"},{\"@type\":\"Person\",\"@id\":\"https:\\\/\\\/www.sistemaimpulsa.com\\\/blog\\\/#\\\/schema\\\/person\\\/77061eb0328c10b0791fc8e9b3026246\",\"name\":\"German\",\"image\":{\"@type\":\"ImageObject\",\"inLanguage\":\"es\",\"@id\":\"https:\\\/\\\/secure.gravatar.com\\\/avatar\\\/f00c033b51dd92dcfad5bfed9974005c3464b2ba96e2c30309474f252c5154f1?s=96&d=mm&r=g\",\"url\":\"https:\\\/\\\/secure.gravatar.com\\\/avatar\\\/f00c033b51dd92dcfad5bfed9974005c3464b2ba96e2c30309474f252c5154f1?s=96&d=mm&r=g\",\"contentUrl\":\"https:\\\/\\\/secure.gravatar.com\\\/avatar\\\/f00c033b51dd92dcfad5bfed9974005c3464b2ba96e2c30309474f252c5154f1?s=96&d=mm&r=g\",\"caption\":\"German\"},\"url\":\"https:\\\/\\\/www.sistemaimpulsa.com\\\/blog\\\/author\\\/german\\\/\"}]}<\/script>\n<!-- \/ Yoast SEO plugin. -->","yoast_head_json":{"title":"La capacitaci\u00f3n constante y actual para profesionales de ventas de hoy - Impulsa blog","description":"La obligatoriedad en la constante actualizaci\u00f3n del personal. Son aspectos de gran inter\u00e9s que deben ser considerados por los gerentes y directivos del \u00e1rea de ventas","robots":{"index":"index","follow":"follow","max-snippet":"max-snippet:-1","max-image-preview":"max-image-preview:large","max-video-preview":"max-video-preview:-1"},"canonical":"https:\/\/www.sistemaimpulsa.com\/blog\/la-capacitacion-constante-y-actual-para-profesionales-de-ventas-de-hoy\/","og_locale":"es_ES","og_type":"article","og_title":"La capacitaci\u00f3n constante y actual para profesionales de ventas de hoy - Impulsa blog","og_description":"La obligatoriedad en la constante actualizaci\u00f3n del personal. Son aspectos de gran inter\u00e9s que deben ser considerados por los gerentes y directivos del \u00e1rea de ventas","og_url":"https:\/\/www.sistemaimpulsa.com\/blog\/la-capacitacion-constante-y-actual-para-profesionales-de-ventas-de-hoy\/","og_site_name":"Blog de Ventas y Digitalizaci\u00f3n - Impulsa","article_published_time":"2019-02-19T02:20:59+00:00","article_modified_time":"2026-05-02T04:30:26+00:00","og_image":[{"width":1000,"height":693,"url":"https:\/\/www.sistemaimpulsa.com\/blog\/wp-content\/uploads\/2019\/02\/img_78821_CapacitacionenVentaProfesional.jpg","type":"image\/jpeg"}],"author":"German","twitter_card":"summary_large_image","twitter_misc":{"Escrito por":"German","Tiempo de lectura":"5 minutos"},"schema":{"@context":"https:\/\/schema.org","@graph":[{"@type":"Article","@id":"https:\/\/www.sistemaimpulsa.com\/blog\/la-capacitacion-constante-y-actual-para-profesionales-de-ventas-de-hoy\/#article","isPartOf":{"@id":"https:\/\/www.sistemaimpulsa.com\/blog\/la-capacitacion-constante-y-actual-para-profesionales-de-ventas-de-hoy\/"},"author":{"name":"German","@id":"https:\/\/www.sistemaimpulsa.com\/blog\/#\/schema\/person\/77061eb0328c10b0791fc8e9b3026246"},"headline":"La capacitaci\u00f3n constante y actual para profesionales de ventas de hoy","datePublished":"2019-02-19T02:20:59+00:00","dateModified":"2026-05-02T04:30:26+00:00","mainEntityOfPage":{"@id":"https:\/\/www.sistemaimpulsa.com\/blog\/la-capacitacion-constante-y-actual-para-profesionales-de-ventas-de-hoy\/"},"wordCount":917,"image":{"@id":"https:\/\/www.sistemaimpulsa.com\/blog\/la-capacitacion-constante-y-actual-para-profesionales-de-ventas-de-hoy\/#primaryimage"},"thumbnailUrl":"https:\/\/www.sistemaimpulsa.com\/blog\/wp-content\/uploads\/2019\/02\/img_78821_CapacitacionenVentaProfesional.jpg","articleSection":["Marketing Digital","TOFU"],"inLanguage":"es"},{"@type":"WebPage","@id":"https:\/\/www.sistemaimpulsa.com\/blog\/la-capacitacion-constante-y-actual-para-profesionales-de-ventas-de-hoy\/","url":"https:\/\/www.sistemaimpulsa.com\/blog\/la-capacitacion-constante-y-actual-para-profesionales-de-ventas-de-hoy\/","name":"La capacitaci\u00f3n constante y actual para profesionales de ventas de hoy - Impulsa blog","isPartOf":{"@id":"https:\/\/www.sistemaimpulsa.com\/blog\/#website"},"primaryImageOfPage":{"@id":"https:\/\/www.sistemaimpulsa.com\/blog\/la-capacitacion-constante-y-actual-para-profesionales-de-ventas-de-hoy\/#primaryimage"},"image":{"@id":"https:\/\/www.sistemaimpulsa.com\/blog\/la-capacitacion-constante-y-actual-para-profesionales-de-ventas-de-hoy\/#primaryimage"},"thumbnailUrl":"https:\/\/www.sistemaimpulsa.com\/blog\/wp-content\/uploads\/2019\/02\/img_78821_CapacitacionenVentaProfesional.jpg","datePublished":"2019-02-19T02:20:59+00:00","dateModified":"2026-05-02T04:30:26+00:00","author":{"@id":"https:\/\/www.sistemaimpulsa.com\/blog\/#\/schema\/person\/77061eb0328c10b0791fc8e9b3026246"},"description":"La obligatoriedad en la constante actualizaci\u00f3n del personal. Son aspectos de gran inter\u00e9s que deben ser considerados por los gerentes y directivos del \u00e1rea de ventas","breadcrumb":{"@id":"https:\/\/www.sistemaimpulsa.com\/blog\/la-capacitacion-constante-y-actual-para-profesionales-de-ventas-de-hoy\/#breadcrumb"},"inLanguage":"es","potentialAction":[{"@type":"ReadAction","target":["https:\/\/www.sistemaimpulsa.com\/blog\/la-capacitacion-constante-y-actual-para-profesionales-de-ventas-de-hoy\/"]}]},{"@type":"ImageObject","inLanguage":"es","@id":"https:\/\/www.sistemaimpulsa.com\/blog\/la-capacitacion-constante-y-actual-para-profesionales-de-ventas-de-hoy\/#primaryimage","url":"https:\/\/www.sistemaimpulsa.com\/blog\/wp-content\/uploads\/2019\/02\/img_78821_CapacitacionenVentaProfesional.jpg","contentUrl":"https:\/\/www.sistemaimpulsa.com\/blog\/wp-content\/uploads\/2019\/02\/img_78821_CapacitacionenVentaProfesional.jpg","width":1000,"height":693,"caption":"ventas"},{"@type":"BreadcrumbList","@id":"https:\/\/www.sistemaimpulsa.com\/blog\/la-capacitacion-constante-y-actual-para-profesionales-de-ventas-de-hoy\/#breadcrumb","itemListElement":[{"@type":"ListItem","position":1,"name":"Portada","item":"https:\/\/www.sistemaimpulsa.com\/blog\/"},{"@type":"ListItem","position":2,"name":"La capacitaci\u00f3n constante y actual para profesionales de ventas de hoy"}]},{"@type":"WebSite","@id":"https:\/\/www.sistemaimpulsa.com\/blog\/#website","url":"https:\/\/www.sistemaimpulsa.com\/blog\/","name":"Blog de Ventas y Digitalizaci\u00f3n - Impulsa","description":"Blog dedicado a ayudar a emprendedores, pymes y empresas sobre ventas y digitalizaci\u00f3n, explicando en simple los contenidos complejos.","potentialAction":[{"@type":"SearchAction","target":{"@type":"EntryPoint","urlTemplate":"https:\/\/www.sistemaimpulsa.com\/blog\/?s={search_term_string}"},"query-input":{"@type":"PropertyValueSpecification","valueRequired":true,"valueName":"search_term_string"}}],"inLanguage":"es"},{"@type":"Person","@id":"https:\/\/www.sistemaimpulsa.com\/blog\/#\/schema\/person\/77061eb0328c10b0791fc8e9b3026246","name":"German","image":{"@type":"ImageObject","inLanguage":"es","@id":"https:\/\/secure.gravatar.com\/avatar\/f00c033b51dd92dcfad5bfed9974005c3464b2ba96e2c30309474f252c5154f1?s=96&d=mm&r=g","url":"https:\/\/secure.gravatar.com\/avatar\/f00c033b51dd92dcfad5bfed9974005c3464b2ba96e2c30309474f252c5154f1?s=96&d=mm&r=g","contentUrl":"https:\/\/secure.gravatar.com\/avatar\/f00c033b51dd92dcfad5bfed9974005c3464b2ba96e2c30309474f252c5154f1?s=96&d=mm&r=g","caption":"German"},"url":"https:\/\/www.sistemaimpulsa.com\/blog\/author\/german\/"}]}},"_links":{"self":[{"href":"https:\/\/www.sistemaimpulsa.com\/blog\/wp-json\/wp\/v2\/posts\/1928","targetHints":{"allow":["GET"]}}],"collection":[{"href":"https:\/\/www.sistemaimpulsa.com\/blog\/wp-json\/wp\/v2\/posts"}],"about":[{"href":"https:\/\/www.sistemaimpulsa.com\/blog\/wp-json\/wp\/v2\/types\/post"}],"author":[{"embeddable":true,"href":"https:\/\/www.sistemaimpulsa.com\/blog\/wp-json\/wp\/v2\/users\/5"}],"replies":[{"embeddable":true,"href":"https:\/\/www.sistemaimpulsa.com\/blog\/wp-json\/wp\/v2\/comments?post=1928"}],"version-history":[{"count":1,"href":"https:\/\/www.sistemaimpulsa.com\/blog\/wp-json\/wp\/v2\/posts\/1928\/revisions"}],"predecessor-version":[{"id":1931,"href":"https:\/\/www.sistemaimpulsa.com\/blog\/wp-json\/wp\/v2\/posts\/1928\/revisions\/1931"}],"wp:featuredmedia":[{"embeddable":true,"href":"https:\/\/www.sistemaimpulsa.com\/blog\/wp-json\/wp\/v2\/media\/1930"}],"wp:attachment":[{"href":"https:\/\/www.sistemaimpulsa.com\/blog\/wp-json\/wp\/v2\/media?parent=1928"}],"wp:term":[{"taxonomy":"category","embeddable":true,"href":"https:\/\/www.sistemaimpulsa.com\/blog\/wp-json\/wp\/v2\/categories?post=1928"},{"taxonomy":"post_tag","embeddable":true,"href":"https:\/\/www.sistemaimpulsa.com\/blog\/wp-json\/wp\/v2\/tags?post=1928"}],"curies":[{"name":"wp","href":"https:\/\/api.w.org\/{rel}","templated":true}]}}