{"id":9365,"date":"2021-05-23T13:33:37","date_gmt":"2021-05-23T13:33:37","guid":{"rendered":"https:\/\/www.sistemaimpulsa.com\/blog\/?p=9365"},"modified":"2026-05-02T00:09:26","modified_gmt":"2026-05-02T00:09:26","slug":"como-capacitar-a-tu-personal-para-que-se-adapte-a-los-cambios","status":"publish","type":"post","link":"https:\/\/www.sistemaimpulsa.com\/blog\/como-capacitar-a-tu-personal-para-que-se-adapte-a-los-cambios\/","title":{"rendered":"C\u00f3mo capacitar a tu personal para que se adapte a los cambios"},"content":{"rendered":"<p>En palabras sencillas, <strong>capacitar a tu personal<\/strong> es la labor que se realiza dentro de tu empresa, con el objetivo de conseguir un cambio en las actitudes, conocimientos y habilidades del personal que all\u00ed se desempe\u00f1a.<\/p>\n<h2><strong>Capacitar a tu personal<\/strong> en un mundo empresarial cambiante<\/h2>\n<p>Un d\u00eda corriente estamos en nuestra zona de confort, observando el horizonte pl\u00e1cidamente y al girar la cabeza a un lado, todo ha cambiado. Es as\u00ed, los cambios nos sorprenden porque estamos aferrados a una din\u00e1mica de vida, acelerada, llena de m\u00faltiples actividades y responsabilidades.<\/p>\n<p>La vida empresarial no est\u00e1 exenta a los constantes cambios que se originan de los avances de la ciencia, la tecnolog\u00eda y otras \u00e1reas del conocimiento humano. Para enfrentar los cambios dentro de una empresa, esta requiere de un personal que responda de manera en\u00e9rgica, sin titubeos ni tab\u00faes a las innovaciones.<\/p>\n<p>Es importante capacitar a tu personal ya que ellos son el activo m\u00e1s significativo que tienes en tu haber.<\/p>\n<p>Una estrategia para capacitar a tu personal no solo debe girar en torno a su intelecto tambi\u00e9n puedes hacerlo tomando en cuenta sus emociones. Estudios referentes al tema de las emociones en la vida de las personas, dan como resultado que el buen manejo de la inteligencia emocional repercute en beneficio de las empresas u organizaciones.<\/p>\n<h2>Estrategias para <strong>capacitar a tu personal<\/strong> tomando en cuenta sus emociones<\/h2>\n<p>En primer lugar, la empresa debe tener conocimiento de la forma en que sus colaboradores perciben los cambios y se enfrentan a ellos. Hay personas que tienen un pensamiento cerrado y les cuesta m\u00e1s atreverse a nuevos y bruscos desaf\u00edos. As\u00ed que conocer las emociones del otro, fomenta la empat\u00eda entre los integrantes de la organizaci\u00f3n.<\/p>\n<p>Un trabajador equilibrado emocionalmente, se concentrar\u00e1 mejor en sus actividades laborales, responder\u00e1 eficazmente al trabajo encomendado, su creatividad y conductas de gesti\u00f3n se transformar\u00e1n en beneficio de su entorno ocupacional.<\/p>\n<p><img loading=\"lazy\" decoding=\"async\" class=\"size-full wp-image-9369 aligncenter\" src=\"https:\/\/www.sistemaimpulsa.com\/blog\/wp-content\/uploads\/2021\/05\/2-28.jpg\" alt=\"capacitar a tu personal\" width=\"1280\" height=\"847\" srcset=\"https:\/\/www.sistemaimpulsa.com\/blog\/wp-content\/uploads\/2021\/05\/2-28.jpg 1280w, https:\/\/www.sistemaimpulsa.com\/blog\/wp-content\/uploads\/2021\/05\/2-28-300x199.jpg 300w, https:\/\/www.sistemaimpulsa.com\/blog\/wp-content\/uploads\/2021\/05\/2-28-1024x678.jpg 1024w, https:\/\/www.sistemaimpulsa.com\/blog\/wp-content\/uploads\/2021\/05\/2-28-768x508.jpg 768w, https:\/\/www.sistemaimpulsa.com\/blog\/wp-content\/uploads\/2021\/05\/2-28-696x461.jpg 696w, https:\/\/www.sistemaimpulsa.com\/blog\/wp-content\/uploads\/2021\/05\/2-28-1068x707.jpg 1068w, https:\/\/www.sistemaimpulsa.com\/blog\/wp-content\/uploads\/2021\/05\/2-28-635x420.jpg 635w\" sizes=\"auto, (max-width: 1280px) 100vw, 1280px\" \/><\/p>\n<p>Los tiempos modernos han transformado la conducta de los jefes, ya no es rentable para ninguna organizaci\u00f3n tener jefes, gerentes o l\u00edderes ofensivos ni manipuladores, pues esto\u00a0 tiene consecuencias negativas directas en el desempe\u00f1o de los subordinados y por ende en los resultados a corto y largo plazo que se fije la empresa.<\/p>\n<p>Los equipos de trabajo deben ser participativos, colaborativos y dirigidos por personas que orienten al logro, al buen uso del talento. L\u00edderes que generen en sus compa\u00f1eros de trabajo verdaderas experiencias y no que el trabajador solo sume a\u00f1os de servicio sin ning\u00fan aprendizaje significativo.<\/p>\n<p>Para que exista una verdadera transformaci\u00f3n en el individuo, este debe tener una identificaci\u00f3n plena con la empresa para la cual trabaja. Debe responder eficazmente al aprendizaje organizacional lo que le permitir\u00e1 adaptarse a los cambios con mayor habilidad.<\/p>\n<p>Capacitar a tu personal permanentemente no solo tomando en cuenta su coeficiente intelectual sino tambi\u00e9n sus emociones; permitir\u00e1 que ese trabajador tome conciencia de su papel dentro de la empresa; se sienta comprometido con su quehacer diario y responda de manera eficiente ante los cambios que se le presenten.<\/p>\n<p>En consecuencia, la capacitaci\u00f3n tiene como beneficio primordial, que el trabajador se identifique con las metas y objetivos de su empresa. Lograr\u00e1 a trav\u00e9s del conocimiento adquirido en la capacitaci\u00f3n, herramientas para enfrentarse y adaptarse a los nuevos retos que vienen con\u00a0 los cambios.<\/p>\n<p>&nbsp;<\/p>\n<p>&nbsp;<\/p>\n","protected":false},"excerpt":{"rendered":"<p>En palabras sencillas, capacitar a tu personal es la labor que se realiza dentro de tu empresa, con el objetivo de conseguir un cambio en las actitudes, conocimientos y habilidades del personal que all\u00ed se desempe\u00f1a. Capacitar a tu personal en un mundo empresarial cambiante Un d\u00eda corriente estamos en nuestra zona de confort, observando [&hellip;]<\/p>\n","protected":false},"author":6,"featured_media":9368,"comment_status":"closed","ping_status":"closed","sticky":false,"template":"","format":"standard","meta":{"footnotes":""},"categories":[17,2914],"tags":[466,176,160,281,62,401],"class_list":["post-9365","post","type-post","status-publish","format-standard","has-post-thumbnail","hentry","category-marketing-digital","category-funnel-tofu","tag-capacitacion","tag-capacitacion-personal","tag-empleados","tag-empresa","tag-gestion","tag-rrhh"],"yoast_head":"<!-- This site is optimized with the Yoast SEO plugin v27.4 - https:\/\/yoast.com\/product\/yoast-seo-wordpress\/ -->\n<title>C\u00f3mo capacitar a tu personal para que se adapte a los cambios -<\/title>\n<meta name=\"description\" content=\"En palabras sencillas, capacitar a tu personal es la labor que se realiza dentro de tu empresa, con el objetivo de conseguir un cambio, continua leyendo\" \/>\n<meta name=\"robots\" content=\"index, follow, max-snippet:-1, max-image-preview:large, max-video-preview:-1\" \/>\n<link rel=\"canonical\" href=\"https:\/\/www.sistemaimpulsa.com\/blog\/como-capacitar-a-tu-personal-para-que-se-adapte-a-los-cambios\/\" \/>\n<meta property=\"og:locale\" content=\"es_ES\" \/>\n<meta property=\"og:type\" content=\"article\" \/>\n<meta property=\"og:title\" content=\"C\u00f3mo capacitar a tu personal para que se adapte a los cambios -\" \/>\n<meta property=\"og:description\" content=\"En palabras sencillas, capacitar a tu personal es la labor que se realiza dentro de tu empresa, con el objetivo de conseguir un cambio, continua leyendo\" \/>\n<meta property=\"og:url\" content=\"https:\/\/www.sistemaimpulsa.com\/blog\/como-capacitar-a-tu-personal-para-que-se-adapte-a-los-cambios\/\" \/>\n<meta property=\"og:site_name\" content=\"Blog de Ventas y Digitalizaci\u00f3n - Impulsa\" \/>\n<meta property=\"article:published_time\" content=\"2021-05-23T13:33:37+00:00\" \/>\n<meta property=\"article:modified_time\" content=\"2026-05-02T00:09:26+00:00\" \/>\n<meta property=\"og:image\" content=\"https:\/\/www.sistemaimpulsa.com\/blog\/wp-content\/uploads\/2021\/05\/1-28.jpg\" \/>\n\t<meta property=\"og:image:width\" content=\"1280\" \/>\n\t<meta property=\"og:image:height\" content=\"853\" \/>\n\t<meta property=\"og:image:type\" content=\"image\/jpeg\" \/>\n<meta name=\"author\" content=\"Jesus P.\" \/>\n<meta name=\"twitter:card\" content=\"summary_large_image\" \/>\n<meta name=\"twitter:label1\" content=\"Escrito por\" \/>\n\t<meta name=\"twitter:data1\" content=\"Jesus P.\" \/>\n\t<meta name=\"twitter:label2\" content=\"Tiempo de lectura\" \/>\n\t<meta name=\"twitter:data2\" content=\"3 minutos\" \/>\n<script type=\"application\/ld+json\" class=\"yoast-schema-graph\">{\"@context\":\"https:\\\/\\\/schema.org\",\"@graph\":[{\"@type\":\"Article\",\"@id\":\"https:\\\/\\\/www.sistemaimpulsa.com\\\/blog\\\/como-capacitar-a-tu-personal-para-que-se-adapte-a-los-cambios\\\/#article\",\"isPartOf\":{\"@id\":\"https:\\\/\\\/www.sistemaimpulsa.com\\\/blog\\\/como-capacitar-a-tu-personal-para-que-se-adapte-a-los-cambios\\\/\"},\"author\":{\"name\":\"Jesus P.\",\"@id\":\"https:\\\/\\\/www.sistemaimpulsa.com\\\/blog\\\/#\\\/schema\\\/person\\\/9b776e2045dc9a9212dea4b32163f07d\"},\"headline\":\"C\u00f3mo capacitar a tu personal para que se adapte a los cambios\",\"datePublished\":\"2021-05-23T13:33:37+00:00\",\"dateModified\":\"2026-05-02T00:09:26+00:00\",\"mainEntityOfPage\":{\"@id\":\"https:\\\/\\\/www.sistemaimpulsa.com\\\/blog\\\/como-capacitar-a-tu-personal-para-que-se-adapte-a-los-cambios\\\/\"},\"wordCount\":588,\"image\":{\"@id\":\"https:\\\/\\\/www.sistemaimpulsa.com\\\/blog\\\/como-capacitar-a-tu-personal-para-que-se-adapte-a-los-cambios\\\/#primaryimage\"},\"thumbnailUrl\":\"https:\\\/\\\/www.sistemaimpulsa.com\\\/blog\\\/wp-content\\\/uploads\\\/2021\\\/05\\\/1-28.jpg\",\"keywords\":[\"capacitaci\u00f3n\",\"capacitaci\u00f3n personal\",\"empleados\",\"empresa\",\"Gesti\u00f3n\",\"RRHH\"],\"articleSection\":[\"Marketing Digital\",\"TOFU\"],\"inLanguage\":\"es\"},{\"@type\":\"WebPage\",\"@id\":\"https:\\\/\\\/www.sistemaimpulsa.com\\\/blog\\\/como-capacitar-a-tu-personal-para-que-se-adapte-a-los-cambios\\\/\",\"url\":\"https:\\\/\\\/www.sistemaimpulsa.com\\\/blog\\\/como-capacitar-a-tu-personal-para-que-se-adapte-a-los-cambios\\\/\",\"name\":\"C\u00f3mo capacitar a tu personal para que se adapte a los cambios -\",\"isPartOf\":{\"@id\":\"https:\\\/\\\/www.sistemaimpulsa.com\\\/blog\\\/#website\"},\"primaryImageOfPage\":{\"@id\":\"https:\\\/\\\/www.sistemaimpulsa.com\\\/blog\\\/como-capacitar-a-tu-personal-para-que-se-adapte-a-los-cambios\\\/#primaryimage\"},\"image\":{\"@id\":\"https:\\\/\\\/www.sistemaimpulsa.com\\\/blog\\\/como-capacitar-a-tu-personal-para-que-se-adapte-a-los-cambios\\\/#primaryimage\"},\"thumbnailUrl\":\"https:\\\/\\\/www.sistemaimpulsa.com\\\/blog\\\/wp-content\\\/uploads\\\/2021\\\/05\\\/1-28.jpg\",\"datePublished\":\"2021-05-23T13:33:37+00:00\",\"dateModified\":\"2026-05-02T00:09:26+00:00\",\"author\":{\"@id\":\"https:\\\/\\\/www.sistemaimpulsa.com\\\/blog\\\/#\\\/schema\\\/person\\\/9b776e2045dc9a9212dea4b32163f07d\"},\"description\":\"En palabras sencillas, capacitar a tu personal es la labor que se realiza dentro de tu empresa, con el objetivo de conseguir un cambio, continua leyendo\",\"breadcrumb\":{\"@id\":\"https:\\\/\\\/www.sistemaimpulsa.com\\\/blog\\\/como-capacitar-a-tu-personal-para-que-se-adapte-a-los-cambios\\\/#breadcrumb\"},\"inLanguage\":\"es\",\"potentialAction\":[{\"@type\":\"ReadAction\",\"target\":[\"https:\\\/\\\/www.sistemaimpulsa.com\\\/blog\\\/como-capacitar-a-tu-personal-para-que-se-adapte-a-los-cambios\\\/\"]}]},{\"@type\":\"ImageObject\",\"inLanguage\":\"es\",\"@id\":\"https:\\\/\\\/www.sistemaimpulsa.com\\\/blog\\\/como-capacitar-a-tu-personal-para-que-se-adapte-a-los-cambios\\\/#primaryimage\",\"url\":\"https:\\\/\\\/www.sistemaimpulsa.com\\\/blog\\\/wp-content\\\/uploads\\\/2021\\\/05\\\/1-28.jpg\",\"contentUrl\":\"https:\\\/\\\/www.sistemaimpulsa.com\\\/blog\\\/wp-content\\\/uploads\\\/2021\\\/05\\\/1-28.jpg\",\"width\":1280,\"height\":853,\"caption\":\"capacitar a tu personal\"},{\"@type\":\"BreadcrumbList\",\"@id\":\"https:\\\/\\\/www.sistemaimpulsa.com\\\/blog\\\/como-capacitar-a-tu-personal-para-que-se-adapte-a-los-cambios\\\/#breadcrumb\",\"itemListElement\":[{\"@type\":\"ListItem\",\"position\":1,\"name\":\"Portada\",\"item\":\"https:\\\/\\\/www.sistemaimpulsa.com\\\/blog\\\/\"},{\"@type\":\"ListItem\",\"position\":2,\"name\":\"C\u00f3mo capacitar a tu personal para que se adapte a los cambios\"}]},{\"@type\":\"WebSite\",\"@id\":\"https:\\\/\\\/www.sistemaimpulsa.com\\\/blog\\\/#website\",\"url\":\"https:\\\/\\\/www.sistemaimpulsa.com\\\/blog\\\/\",\"name\":\"Blog de Ventas y Digitalizaci\u00f3n - Impulsa\",\"description\":\"Blog dedicado a ayudar a emprendedores, pymes y empresas sobre ventas y digitalizaci\u00f3n, explicando en simple los contenidos complejos.\",\"potentialAction\":[{\"@type\":\"SearchAction\",\"target\":{\"@type\":\"EntryPoint\",\"urlTemplate\":\"https:\\\/\\\/www.sistemaimpulsa.com\\\/blog\\\/?s={search_term_string}\"},\"query-input\":{\"@type\":\"PropertyValueSpecification\",\"valueRequired\":true,\"valueName\":\"search_term_string\"}}],\"inLanguage\":\"es\"},{\"@type\":\"Person\",\"@id\":\"https:\\\/\\\/www.sistemaimpulsa.com\\\/blog\\\/#\\\/schema\\\/person\\\/9b776e2045dc9a9212dea4b32163f07d\",\"name\":\"Jesus P.\",\"image\":{\"@type\":\"ImageObject\",\"inLanguage\":\"es\",\"@id\":\"https:\\\/\\\/secure.gravatar.com\\\/avatar\\\/39142e6ba7f19ca961abe851a818b268a41e284a62ca332a054cb338164ff61f?s=96&d=mm&r=g\",\"url\":\"https:\\\/\\\/secure.gravatar.com\\\/avatar\\\/39142e6ba7f19ca961abe851a818b268a41e284a62ca332a054cb338164ff61f?s=96&d=mm&r=g\",\"contentUrl\":\"https:\\\/\\\/secure.gravatar.com\\\/avatar\\\/39142e6ba7f19ca961abe851a818b268a41e284a62ca332a054cb338164ff61f?s=96&d=mm&r=g\",\"caption\":\"Jesus P.\"},\"url\":\"https:\\\/\\\/www.sistemaimpulsa.com\\\/blog\\\/author\\\/comoemprender-netgmail-com\\\/\"}]}<\/script>\n<!-- \/ Yoast SEO plugin. -->","yoast_head_json":{"title":"C\u00f3mo capacitar a tu personal para que se adapte a los cambios -","description":"En palabras sencillas, capacitar a tu personal es la labor que se realiza dentro de tu empresa, con el objetivo de conseguir un cambio, continua leyendo","robots":{"index":"index","follow":"follow","max-snippet":"max-snippet:-1","max-image-preview":"max-image-preview:large","max-video-preview":"max-video-preview:-1"},"canonical":"https:\/\/www.sistemaimpulsa.com\/blog\/como-capacitar-a-tu-personal-para-que-se-adapte-a-los-cambios\/","og_locale":"es_ES","og_type":"article","og_title":"C\u00f3mo capacitar a tu personal para que se adapte a los cambios -","og_description":"En palabras sencillas, capacitar a tu personal es la labor que se realiza dentro de tu empresa, con el objetivo de conseguir un cambio, continua leyendo","og_url":"https:\/\/www.sistemaimpulsa.com\/blog\/como-capacitar-a-tu-personal-para-que-se-adapte-a-los-cambios\/","og_site_name":"Blog de Ventas y Digitalizaci\u00f3n - Impulsa","article_published_time":"2021-05-23T13:33:37+00:00","article_modified_time":"2026-05-02T00:09:26+00:00","og_image":[{"width":1280,"height":853,"url":"https:\/\/www.sistemaimpulsa.com\/blog\/wp-content\/uploads\/2021\/05\/1-28.jpg","type":"image\/jpeg"}],"author":"Jesus P.","twitter_card":"summary_large_image","twitter_misc":{"Escrito por":"Jesus P.","Tiempo de lectura":"3 minutos"},"schema":{"@context":"https:\/\/schema.org","@graph":[{"@type":"Article","@id":"https:\/\/www.sistemaimpulsa.com\/blog\/como-capacitar-a-tu-personal-para-que-se-adapte-a-los-cambios\/#article","isPartOf":{"@id":"https:\/\/www.sistemaimpulsa.com\/blog\/como-capacitar-a-tu-personal-para-que-se-adapte-a-los-cambios\/"},"author":{"name":"Jesus P.","@id":"https:\/\/www.sistemaimpulsa.com\/blog\/#\/schema\/person\/9b776e2045dc9a9212dea4b32163f07d"},"headline":"C\u00f3mo capacitar a tu personal para que se adapte a los cambios","datePublished":"2021-05-23T13:33:37+00:00","dateModified":"2026-05-02T00:09:26+00:00","mainEntityOfPage":{"@id":"https:\/\/www.sistemaimpulsa.com\/blog\/como-capacitar-a-tu-personal-para-que-se-adapte-a-los-cambios\/"},"wordCount":588,"image":{"@id":"https:\/\/www.sistemaimpulsa.com\/blog\/como-capacitar-a-tu-personal-para-que-se-adapte-a-los-cambios\/#primaryimage"},"thumbnailUrl":"https:\/\/www.sistemaimpulsa.com\/blog\/wp-content\/uploads\/2021\/05\/1-28.jpg","keywords":["capacitaci\u00f3n","capacitaci\u00f3n personal","empleados","empresa","Gesti\u00f3n","RRHH"],"articleSection":["Marketing Digital","TOFU"],"inLanguage":"es"},{"@type":"WebPage","@id":"https:\/\/www.sistemaimpulsa.com\/blog\/como-capacitar-a-tu-personal-para-que-se-adapte-a-los-cambios\/","url":"https:\/\/www.sistemaimpulsa.com\/blog\/como-capacitar-a-tu-personal-para-que-se-adapte-a-los-cambios\/","name":"C\u00f3mo capacitar a tu personal para que se adapte a los cambios -","isPartOf":{"@id":"https:\/\/www.sistemaimpulsa.com\/blog\/#website"},"primaryImageOfPage":{"@id":"https:\/\/www.sistemaimpulsa.com\/blog\/como-capacitar-a-tu-personal-para-que-se-adapte-a-los-cambios\/#primaryimage"},"image":{"@id":"https:\/\/www.sistemaimpulsa.com\/blog\/como-capacitar-a-tu-personal-para-que-se-adapte-a-los-cambios\/#primaryimage"},"thumbnailUrl":"https:\/\/www.sistemaimpulsa.com\/blog\/wp-content\/uploads\/2021\/05\/1-28.jpg","datePublished":"2021-05-23T13:33:37+00:00","dateModified":"2026-05-02T00:09:26+00:00","author":{"@id":"https:\/\/www.sistemaimpulsa.com\/blog\/#\/schema\/person\/9b776e2045dc9a9212dea4b32163f07d"},"description":"En palabras sencillas, capacitar a tu personal es la labor que se realiza dentro de tu empresa, con el objetivo de conseguir un cambio, continua leyendo","breadcrumb":{"@id":"https:\/\/www.sistemaimpulsa.com\/blog\/como-capacitar-a-tu-personal-para-que-se-adapte-a-los-cambios\/#breadcrumb"},"inLanguage":"es","potentialAction":[{"@type":"ReadAction","target":["https:\/\/www.sistemaimpulsa.com\/blog\/como-capacitar-a-tu-personal-para-que-se-adapte-a-los-cambios\/"]}]},{"@type":"ImageObject","inLanguage":"es","@id":"https:\/\/www.sistemaimpulsa.com\/blog\/como-capacitar-a-tu-personal-para-que-se-adapte-a-los-cambios\/#primaryimage","url":"https:\/\/www.sistemaimpulsa.com\/blog\/wp-content\/uploads\/2021\/05\/1-28.jpg","contentUrl":"https:\/\/www.sistemaimpulsa.com\/blog\/wp-content\/uploads\/2021\/05\/1-28.jpg","width":1280,"height":853,"caption":"capacitar a tu personal"},{"@type":"BreadcrumbList","@id":"https:\/\/www.sistemaimpulsa.com\/blog\/como-capacitar-a-tu-personal-para-que-se-adapte-a-los-cambios\/#breadcrumb","itemListElement":[{"@type":"ListItem","position":1,"name":"Portada","item":"https:\/\/www.sistemaimpulsa.com\/blog\/"},{"@type":"ListItem","position":2,"name":"C\u00f3mo capacitar a tu personal para que se adapte a los cambios"}]},{"@type":"WebSite","@id":"https:\/\/www.sistemaimpulsa.com\/blog\/#website","url":"https:\/\/www.sistemaimpulsa.com\/blog\/","name":"Blog de Ventas y Digitalizaci\u00f3n - Impulsa","description":"Blog dedicado a ayudar a emprendedores, pymes y empresas sobre ventas y digitalizaci\u00f3n, explicando en simple los contenidos complejos.","potentialAction":[{"@type":"SearchAction","target":{"@type":"EntryPoint","urlTemplate":"https:\/\/www.sistemaimpulsa.com\/blog\/?s={search_term_string}"},"query-input":{"@type":"PropertyValueSpecification","valueRequired":true,"valueName":"search_term_string"}}],"inLanguage":"es"},{"@type":"Person","@id":"https:\/\/www.sistemaimpulsa.com\/blog\/#\/schema\/person\/9b776e2045dc9a9212dea4b32163f07d","name":"Jesus P.","image":{"@type":"ImageObject","inLanguage":"es","@id":"https:\/\/secure.gravatar.com\/avatar\/39142e6ba7f19ca961abe851a818b268a41e284a62ca332a054cb338164ff61f?s=96&d=mm&r=g","url":"https:\/\/secure.gravatar.com\/avatar\/39142e6ba7f19ca961abe851a818b268a41e284a62ca332a054cb338164ff61f?s=96&d=mm&r=g","contentUrl":"https:\/\/secure.gravatar.com\/avatar\/39142e6ba7f19ca961abe851a818b268a41e284a62ca332a054cb338164ff61f?s=96&d=mm&r=g","caption":"Jesus P."},"url":"https:\/\/www.sistemaimpulsa.com\/blog\/author\/comoemprender-netgmail-com\/"}]}},"_links":{"self":[{"href":"https:\/\/www.sistemaimpulsa.com\/blog\/wp-json\/wp\/v2\/posts\/9365","targetHints":{"allow":["GET"]}}],"collection":[{"href":"https:\/\/www.sistemaimpulsa.com\/blog\/wp-json\/wp\/v2\/posts"}],"about":[{"href":"https:\/\/www.sistemaimpulsa.com\/blog\/wp-json\/wp\/v2\/types\/post"}],"author":[{"embeddable":true,"href":"https:\/\/www.sistemaimpulsa.com\/blog\/wp-json\/wp\/v2\/users\/6"}],"replies":[{"embeddable":true,"href":"https:\/\/www.sistemaimpulsa.com\/blog\/wp-json\/wp\/v2\/comments?post=9365"}],"version-history":[{"count":2,"href":"https:\/\/www.sistemaimpulsa.com\/blog\/wp-json\/wp\/v2\/posts\/9365\/revisions"}],"predecessor-version":[{"id":9371,"href":"https:\/\/www.sistemaimpulsa.com\/blog\/wp-json\/wp\/v2\/posts\/9365\/revisions\/9371"}],"wp:featuredmedia":[{"embeddable":true,"href":"https:\/\/www.sistemaimpulsa.com\/blog\/wp-json\/wp\/v2\/media\/9368"}],"wp:attachment":[{"href":"https:\/\/www.sistemaimpulsa.com\/blog\/wp-json\/wp\/v2\/media?parent=9365"}],"wp:term":[{"taxonomy":"category","embeddable":true,"href":"https:\/\/www.sistemaimpulsa.com\/blog\/wp-json\/wp\/v2\/categories?post=9365"},{"taxonomy":"post_tag","embeddable":true,"href":"https:\/\/www.sistemaimpulsa.com\/blog\/wp-json\/wp\/v2\/tags?post=9365"}],"curies":[{"name":"wp","href":"https:\/\/api.w.org\/{rel}","templated":true}]}}